{"id":238640,"date":"2023-02-07T11:17:42","date_gmt":"2023-02-07T15:17:42","guid":{"rendered":"https:\/\/elluchador.info\/web\/?p=238640"},"modified":"2023-02-07T11:17:42","modified_gmt":"2023-02-07T15:17:42","slug":"fiscal-viajara-a-la-habana-para-reforzar-nexos","status":"publish","type":"post","link":"https:\/\/elluchador.info\/?p=238640","title":{"rendered":"Fiscal viajar\u00e1 a La Habana para reforzar nexos"},"content":{"rendered":"<p>El Fiscal General de la Rep\u00fablica, Tarek William Saab sostendr\u00e1 una importante agenda de trabajo en la ciudad de La Habana, con el fin de seguir fortaleciendo lazos entre el Ministerio P\u00fablico venezolano y organismos judiciales y culturales cubanos<\/p>\n<p>Las actividades del Fiscal General iniciar\u00e1n el pr\u00f3ximo jueves 9 de febrero en una reuni\u00f3n con el Dr. Abel Prieto, Presidente de la Casa de las Am\u00e9ricas.<\/p>\n<p>Ese mismo d\u00eda est\u00e1 previsto participar en un encuentro con medios nacionales e internacionales.<\/p>\n<p>Para el d\u00eda viernes 10 de febrero la m\u00e1xima autoridad del Ministerio P\u00fablico venezolano dictar\u00e1 una conferencia magistral sobre la historia de los Derechos Humanos en Venezuela y del mundo en la Universidad de La Habana.<\/p>\n<p>Igualmente Tarek William Saab hablar\u00e1 como ponente en el 1er Encuentro de Publicaciones Te\u00f3ricas de partidos y movimientos de izquierda denominado \u201cFidel y solidaridad internacional\u201d, donde tendr\u00e1 una destacada participaci\u00f3n, refiere nota de prensa de la Fiscal\u00eda.<\/p>\n<p>Para finalizar su agenda de trabajo el Poeta Tarek William Saab presentar\u00e1 -en el Sal\u00f3n Hugo Ch\u00e1vez de La Habana- dos de sus m\u00e1s recientes libros publicados por Monte \u00c1vila Editores: \u201cHoguera de una adolescencia intemporal\u201d (2022) y luego \u201cEn un paisaje boreal\u201d (2021).<\/p>\n<p>Con informaci\u00f3n de ultimasnoticias.com.ve<\/p>\n","protected":false},"excerpt":{"rendered":"<p>El Fiscal General de la Rep\u00fablica, Tarek William Saab sostendr\u00e1 una importante agenda de trabajo en la ciudad de La Habana, con el fin de seguir fortaleciendo lazos entre el Ministerio P\u00fablico venezolano y organismos judiciales y culturales cubanos Las actividades del Fiscal General iniciar\u00e1n el pr\u00f3ximo jueves 9 de febrero en una reuni\u00f3n con [&hellip;]<\/p>\n","protected":false},"author":19,"featured_media":238641,"comment_status":"closed","ping_status":"closed","sticky":false,"template":"","format":"standard","meta":{"footnotes":""},"categories":[9],"tags":[],"class_list":{"0":"post-238640","1":"post","2":"type-post","3":"status-publish","4":"format-standard","5":"has-post-thumbnail","7":"category-nacionales"},"_links":{"self":[{"href":"https:\/\/elluchador.info\/index.php?rest_route=\/wp\/v2\/posts\/238640","targetHints":{"allow":["GET"]}}],"collection":[{"href":"https:\/\/elluchador.info\/index.php?rest_route=\/wp\/v2\/posts"}],"about":[{"href":"https:\/\/elluchador.info\/index.php?rest_route=\/wp\/v2\/types\/post"}],"author":[{"embeddable":true,"href":"https:\/\/elluchador.info\/index.php?rest_route=\/wp\/v2\/users\/19"}],"replies":[{"embeddable":true,"href":"https:\/\/elluchador.info\/index.php?rest_route=%2Fwp%2Fv2%2Fcomments&post=238640"}],"version-history":[{"count":1,"href":"https:\/\/elluchador.info\/index.php?rest_route=\/wp\/v2\/posts\/238640\/revisions"}],"predecessor-version":[{"id":238642,"href":"https:\/\/elluchador.info\/index.php?rest_route=\/wp\/v2\/posts\/238640\/revisions\/238642"}],"wp:featuredmedia":[{"embeddable":true,"href":"https:\/\/elluchador.info\/index.php?rest_route=\/wp\/v2\/media\/238641"}],"wp:attachment":[{"href":"https:\/\/elluchador.info\/index.php?rest_route=%2Fwp%2Fv2%2Fmedia&parent=238640"}],"wp:term":[{"taxonomy":"category","embeddable":true,"href":"https:\/\/elluchador.info\/index.php?rest_route=%2Fwp%2Fv2%2Fcategories&post=238640"},{"taxonomy":"post_tag","embeddable":true,"href":"https:\/\/elluchador.info\/index.php?rest_route=%2Fwp%2Fv2%2Ftags&post=238640"}],"curies":[{"name":"wp","href":"https:\/\/api.w.org\/{rel}","templated":true}]}}