{"id":238646,"date":"2023-02-07T11:22:37","date_gmt":"2023-02-07T15:22:37","guid":{"rendered":"https:\/\/elluchador.info\/web\/?p=238646"},"modified":"2023-02-07T11:22:37","modified_gmt":"2023-02-07T15:22:37","slug":"lara-y-su-flor-de-venezuela-se-alistan-para-la-fitven-2023","status":"publish","type":"post","link":"https:\/\/elluchador.info\/?p=238646","title":{"rendered":"Lara y su Flor de Venezuela se alistan para la FitVen 2023"},"content":{"rendered":"<p>El potencial tur\u00edstico del estado Lara (Barquisimeto) en materia religiosa, cultural, gastron\u00f3mica y musical permiti\u00f3 la caracterizaci\u00f3n y su escogencia como sede de la XVI Feria Internacional del Turismo 2023 en Venezuela (FitVen), seg\u00fan afirm\u00f3 el gobernador de esta entidad V\/A Adolfo Pereira en exclusiva para \u00daN.<\/p>\n<p>Pereira asever\u00f3 que el primer referencial de Lara es su ubicaci\u00f3n geogr\u00e1fica pues se encuentra en el centroccidente venezolano y comparte l\u00edmites con seis estados, adicionalmente acot\u00f3 que tiene \u201cuna ventana al mundo\u201d con el aeropuerto internacional \u201cGral. Juan Jacinto Lara\u201d, el cual ofrece una conexi\u00f3n directa con Panam\u00e1 y Rep\u00fablica Dominicana.<\/p>\n<p>\u201cLa Feria Internacional del Turismo de Venezuela\u00a0 viene desde el a\u00f1o 2005 cuando se concibi\u00f3 la feria de Caracas, evolucionando con los 18 motores de la Agenda Econ\u00f3mica Bolivariana dispuesta por el presidente Nicol\u00e1s Maduro, siendo el motor turismo el n\u00famero 9 y que creci\u00f3 a una feria internacional donde m\u00e1s de 70 pa\u00edses hacen vida y articulan para los intercambios culturales y en materia de turismo\u201d fundament\u00f3 Pereira.<\/p>\n<p>En lo particular destac\u00f3 el bagaje cultural y musical presente en los nueve municipios que conforman la geograf\u00eda larense, siendo los mismos Iribarren (Barquisimeto), Sim\u00f3n Planas (Sarare), Palavecino (Cabudare), Jim\u00e9nez (Quibor), Andr\u00e9s Eloy Blanco (Sanare), Mor\u00e1n (El Tocuyo), Pedro Le\u00f3n Torres (Carora), Crespo (Duaca) y Urdaneta (Siquisique) cuyos territorios describi\u00f3 como hermosos y vistosos en sus aportes socio culturales e hist\u00f3ricos.<\/p>\n<p>Sobre los prop\u00f3sitos de la FitVen en Lara asegur\u00f3 Pereira que busca crear un turismo de multi destino por sus bellezas naturales puesto que cuatro de los principales parques nacionales y naturales se encuentran en Lara; en el aspecto religioso sobresalen la manifestaci\u00f3n de fe y devociones marianas a la virgen La Chiquinquir\u00e1 de Aregue (Pedro Le\u00f3n Torres), La Altagracia (Jim\u00e9nez) y la imagen de la Divina Pastora (Iribarren); en la gastronom\u00eda los chicharrones de guabinas, el queso de cabra, la pi\u00f1a y el caf\u00e9.<\/p>\n<p>\u201cPermite demostrar al mundo que Venezuela, no solamente es playa, Ciudad Bol\u00edvar, Amazonas o Margarita sino que es, multi- destino por su naturaleza, cultura y religiosidad para el disfrute de todos y todas\u201d enfatiz\u00f3 el gobernador larense.<\/p>\n<p>Flor de Venezuela<\/p>\n<p>El monumento nacional Flor de Venezuela concebido y construido por el reconocido arquitecto venezolano Fruto Vivas, se constituye en uno de los tres lugares predilectos y emblem\u00e1ticos considerados por las autoridades como epicentro de la FitVen 2023.<\/p>\n<p>Se pudo conocer que sus instalaciones ubicadas en la avenida Venezuela con Bracamonte en la ciudad de Barquisimeto, se encuentran en un proceso de recuperaci\u00f3n de los espacios contando actualmente, con alianzas comerciales privadas.<\/p>\n<p>En el marco de los preparativos de la mencionada feria internacional tambi\u00e9n, se est\u00e1 iniciando un proceso de formaci\u00f3n del personal de vigilancia, administrativo, operadores tur\u00edsticos, gerentes, personal de mantenimiento con el objetivo de que todos manejen el idioma ingl\u00e9s.<\/p>\n<p>Nicho arquitect\u00f3nico<\/p>\n<p>Como espacio predilecto en la Flor de Venezuela para propios y visitantes, es considerada la sala de exposici\u00f3n en donde se conserva la maqueta original concebida por el arquitecto Fruto Vivas al momento de presentarla en la exposici\u00f3n universal en la ciudad de Hannover, Alemania en el a\u00f1o 2000.<\/p>\n<p>Visitantes internacionales<\/p>\n<p>En total 151 personas de otras nacionalidades, desde noviembre del a\u00f1o 2022 hasta la fecha han visitado la majestuosa \u201cFlor de Venezuela\u201d, la misma se encuentra en el cat\u00e1logo arquitect\u00f3nico de mayor importancia dentro de la capital larense y ruta obligada para propios y visitantes.<\/p>\n<p>Turistas de Arabia Saudita, Estado Unidos, China, Panam\u00e1, M\u00e9xico, Per\u00fa, Chile, Canad\u00e1, Ecuador, Colombia, Australia, Espa\u00f1a, Italia y de Jap\u00f3n son los que han recorrido los espacios de la obra arquitect\u00f3nica de Fruto Vivas.<\/p>\n<p>Atractivo tur\u00edstico<\/p>\n<p>El monumento que en sus or\u00edgenes se dio a conocer como Flor de Hannover inspirado en los tepuyes y la orqu\u00eddea, ambos \u00edconos de la naturaleza venezolana, est\u00e1 abierto al p\u00fablico de lunes a domingo pero en diferentes horarios.<\/p>\n<p>De lunes a jueves de 9 de la ma\u00f1ana hasta las 8 de la noche; y de jueves a domingo, a la misma hora ya indicada abren pero cierran a las diez de la noche.<\/p>\n<p>En el recorrido, el p\u00fablico puede disfrutar por el patio de adoquines, auditorio y el nivel cultural. Disponen tambi\u00e9n de unidades de negocio tales como rodizio carnes, helader\u00eda, tienda de acuariofilia y de artesan\u00edas.<\/p>\n<p>La programaci\u00f3n diaria incluye actividades culturales, musicales, exposiciones y bazar, adem\u00e1s de las guiaturas a los visitantes por el monumento.<\/p>\n<p>Durante este mes de febrero habr\u00e1 actividades para brindar atenci\u00f3n a los turistas.<\/p>\n<p>Quienes est\u00e9n interesados en el uso de los espacios pueden dirigirse a la Gerencia Comercializaci\u00f3n o comunicarse al correo oficcomercializacionflordevzla@gmail.com<\/p>\n<p>Rumbo a la FitVen 2023<\/p>\n<p>Por su parte Esthefany Ferri, autoridad \u00fanica de turismo en Lara inform\u00f3 que recientemente, sostuvo encuentros con directores generales de gesti\u00f3n de destinos tur\u00edsticos, calidad tur\u00edstica e inspecci\u00f3n de la cartera de Turismo en la ciudad de Caracas.<\/p>\n<p>La finalidad de tales conversaciones es organizar y coordinar una jornada de atenci\u00f3n integral a los prestadores de servicios tur\u00edsticos en la entidad larense en los pr\u00f3ximos meses.<\/p>\n<p>El prop\u00f3sito es facilitar los procesos de formalizaci\u00f3n de establecimientos tur\u00edsticos y el cumplimiento de los deberes formales rumbo a la FitVen 2023.<\/p>\n<p>Trabajo conjunto<\/p>\n<p>Antonio Morales, representante de la C\u00e1mara de Turismo del estado Lara valor\u00f3 como positivo los encuentros sostenidos a principio de este a\u00f1o con el sector p\u00fablico ya que seg\u00fan \u00e9l han permitido visualizar todo el trabajo que se ha realizado, lo que se puede hacer y c\u00f3mo consolidar una proyecci\u00f3n del 100% durante el a\u00f1o 2023.<\/p>\n<p>\u201cEste a\u00f1o es muy importante porque tenemos el compromiso de la Feria Internacional de Turismo de Venezuela (Fitven), y para eso trabajamos en conjunto con la empresa privada y el sector p\u00fablico\u201d apunt\u00f3.<\/p>\n<p>Morales manifest\u00f3 que el estado Lara alcanz\u00f3 el 40% de ocupaci\u00f3n durante el a\u00f1o 2022, ubic\u00e1ndose en el primer lugar a nivel nacional con mayor proyecci\u00f3n; especificando que otros estados obtuvieron entre el 29% y 30%.<\/p>\n<p>Con informaci\u00f3n de ultimasnoticias.com.ve<\/p>\n","protected":false},"excerpt":{"rendered":"<p>El potencial tur\u00edstico del estado Lara (Barquisimeto) en materia religiosa, cultural, gastron\u00f3mica y musical permiti\u00f3 la caracterizaci\u00f3n y su escogencia como sede de la XVI Feria Internacional del Turismo 2023 en Venezuela (FitVen), seg\u00fan afirm\u00f3 el gobernador de esta entidad V\/A Adolfo Pereira en exclusiva para \u00daN. Pereira asever\u00f3 que el primer referencial de Lara [&hellip;]<\/p>\n","protected":false},"author":19,"featured_media":238647,"comment_status":"closed","ping_status":"closed","sticky":false,"template":"","format":"standard","meta":{"footnotes":""},"categories":[9],"tags":[],"class_list":{"0":"post-238646","1":"post","2":"type-post","3":"status-publish","4":"format-standard","5":"has-post-thumbnail","7":"category-nacionales"},"_links":{"self":[{"href":"https:\/\/elluchador.info\/index.php?rest_route=\/wp\/v2\/posts\/238646","targetHints":{"allow":["GET"]}}],"collection":[{"href":"https:\/\/elluchador.info\/index.php?rest_route=\/wp\/v2\/posts"}],"about":[{"href":"https:\/\/elluchador.info\/index.php?rest_route=\/wp\/v2\/types\/post"}],"author":[{"embeddable":true,"href":"https:\/\/elluchador.info\/index.php?rest_route=\/wp\/v2\/users\/19"}],"replies":[{"embeddable":true,"href":"https:\/\/elluchador.info\/index.php?rest_route=%2Fwp%2Fv2%2Fcomments&post=238646"}],"version-history":[{"count":1,"href":"https:\/\/elluchador.info\/index.php?rest_route=\/wp\/v2\/posts\/238646\/revisions"}],"predecessor-version":[{"id":238648,"href":"https:\/\/elluchador.info\/index.php?rest_route=\/wp\/v2\/posts\/238646\/revisions\/238648"}],"wp:featuredmedia":[{"embeddable":true,"href":"https:\/\/elluchador.info\/index.php?rest_route=\/wp\/v2\/media\/238647"}],"wp:attachment":[{"href":"https:\/\/elluchador.info\/index.php?rest_route=%2Fwp%2Fv2%2Fmedia&parent=238646"}],"wp:term":[{"taxonomy":"category","embeddable":true,"href":"https:\/\/elluchador.info\/index.php?rest_route=%2Fwp%2Fv2%2Fcategories&post=238646"},{"taxonomy":"post_tag","embeddable":true,"href":"https:\/\/elluchador.info\/index.php?rest_route=%2Fwp%2Fv2%2Ftags&post=238646"}],"curies":[{"name":"wp","href":"https:\/\/api.w.org\/{rel}","templated":true}]}}