{"id":238965,"date":"2023-02-09T19:23:34","date_gmt":"2023-02-09T23:23:34","guid":{"rendered":"https:\/\/elluchador.info\/web\/?p=238965"},"modified":"2023-02-09T19:23:34","modified_gmt":"2023-02-09T23:23:34","slug":"quema-de-basura-afecta-a-vecinos-de-las-flores","status":"publish","type":"post","link":"https:\/\/elluchador.info\/?p=238965","title":{"rendered":"Quema de basura afecta a vecinos de Las Flores"},"content":{"rendered":"<p>Desde hace varias semanas los habitantes del sector Las Flores en la parroquia Agua Salada, vienen\u00a0 padeciendo\u00a0 por las consecuencias que origina la quema indiscriminada de basura en el sector.<\/p>\n<p>Los afectados manifiestan que en un principio el fuerte olor a humo se percib\u00eda s\u00f3lo en las tardes, sin embargo, ahora deben soportar la situaci\u00f3n a cualquier hora del d\u00eda.<\/p>\n<p>\u201cEn las ma\u00f1anas es terrible y en las noche peor porque no puede uno descansar dado que el humo penetra en las casa y es asfixiante. Conmigo viven adultos mayores y un ni\u00f1o que posee problemas respiratorios, y ellos est\u00e1n siendo los m\u00e1s afectados por esta situaci\u00f3n\u201d, expres\u00f3 Claudia Fern\u00e1ndez.<\/p>\n<p>Ante esta situaci\u00f3n, que tambi\u00e9n se repite a diario en otros puntos del sector, quienes hacen vida en Las Flores hacen un llamado a la conciencia para quienes cometen este tipo de acciones y un llamado a las autoridades competentes a fin de que \u201ceste vandalismo e irresponsabilidad tenga un castigo\u201d.<\/p>\n<p>Gledis Bonilla<\/p>\n","protected":false},"excerpt":{"rendered":"<p>Desde hace varias semanas los habitantes del sector Las Flores en la parroquia Agua Salada, vienen\u00a0 padeciendo\u00a0 por las consecuencias que origina la quema indiscriminada de basura en el sector. Los afectados manifiestan que en un principio el fuerte olor a humo se percib\u00eda s\u00f3lo en las tardes, sin embargo, ahora deben soportar la situaci\u00f3n [&hellip;]<\/p>\n","protected":false},"author":19,"featured_media":238966,"comment_status":"closed","ping_status":"closed","sticky":false,"template":"","format":"standard","meta":{"footnotes":""},"categories":[2],"tags":[],"class_list":{"0":"post-238965","1":"post","2":"type-post","3":"status-publish","4":"format-standard","5":"has-post-thumbnail","7":"category-comunidad"},"_links":{"self":[{"href":"https:\/\/elluchador.info\/index.php?rest_route=\/wp\/v2\/posts\/238965","targetHints":{"allow":["GET"]}}],"collection":[{"href":"https:\/\/elluchador.info\/index.php?rest_route=\/wp\/v2\/posts"}],"about":[{"href":"https:\/\/elluchador.info\/index.php?rest_route=\/wp\/v2\/types\/post"}],"author":[{"embeddable":true,"href":"https:\/\/elluchador.info\/index.php?rest_route=\/wp\/v2\/users\/19"}],"replies":[{"embeddable":true,"href":"https:\/\/elluchador.info\/index.php?rest_route=%2Fwp%2Fv2%2Fcomments&post=238965"}],"version-history":[{"count":1,"href":"https:\/\/elluchador.info\/index.php?rest_route=\/wp\/v2\/posts\/238965\/revisions"}],"predecessor-version":[{"id":238967,"href":"https:\/\/elluchador.info\/index.php?rest_route=\/wp\/v2\/posts\/238965\/revisions\/238967"}],"wp:featuredmedia":[{"embeddable":true,"href":"https:\/\/elluchador.info\/index.php?rest_route=\/wp\/v2\/media\/238966"}],"wp:attachment":[{"href":"https:\/\/elluchador.info\/index.php?rest_route=%2Fwp%2Fv2%2Fmedia&parent=238965"}],"wp:term":[{"taxonomy":"category","embeddable":true,"href":"https:\/\/elluchador.info\/index.php?rest_route=%2Fwp%2Fv2%2Fcategories&post=238965"},{"taxonomy":"post_tag","embeddable":true,"href":"https:\/\/elluchador.info\/index.php?rest_route=%2Fwp%2Fv2%2Ftags&post=238965"}],"curies":[{"name":"wp","href":"https:\/\/api.w.org\/{rel}","templated":true}]}}