{"id":238978,"date":"2023-02-09T19:36:14","date_gmt":"2023-02-09T23:36:14","guid":{"rendered":"https:\/\/elluchador.info\/web\/?p=238978"},"modified":"2023-02-09T19:36:14","modified_gmt":"2023-02-09T23:36:14","slug":"venezuela-envia-a-chile-una-brigada-de-bomberos-forestales","status":"publish","type":"post","link":"https:\/\/elluchador.info\/?p=238978","title":{"rendered":"Venezuela env\u00eda a Chile una brigada de bomberos forestales"},"content":{"rendered":"<p>El canciller de Venezuela, Yv\u00e1n Gil, despidi\u00f3 este mi\u00e9rcoles\u00a0una brigada de bomberos forestales con destino a Chile, como parte de la ayuda humanitaria\u00a0para combatir los incendios que arrasan varias regiones de ese pa\u00eds.<\/p>\n<p>Desde el Aeropuerto Internacional\u00a0Sim\u00f3n Bol\u00edvar\u00a0de Maiquet\u00eda, en el estado La Guaira, el canciller reiter\u00f3, junto al ministro de Ecosocialismo, Josu\u00e9 Lorca, la disposici\u00f3n de Venezuela de \u201cponerse al frente con\u201d Chile ante los incendios forestales que afectan a ese pa\u00eds\u00a0y record\u00f3 que este grupo forma parte de la Fuerza de Tarea Humanitaria\u00a0Sim\u00f3n Bol\u00edvar.<\/p>\n<p>\u201cLa brigada de la Fuerza de Tarea Humanitaria\u00a0Sim\u00f3n Bol\u00edvar\u00a0se pone al frente, junto a la Rep\u00fablica de Chile, para atender la situaci\u00f3n dif\u00edcil que vive este pa\u00eds,\u00a0donde m\u00e1s de 300.000 hect\u00e1reas est\u00e1n siendo afectadas por incendios forestales\u201c, indic\u00f3 Gil.<\/p>\n<p>En Chile son casi 300 incendios que afectan al centro y sur de la naci\u00f3n y que han causado al menos 24 muertes, quemado cerca de 300.000 hect\u00e1reas y destruido 1.100 viviendas, dejando a 3.000 personas desalojadas.<\/p>\n<p>Sumarium<\/p>\n","protected":false},"excerpt":{"rendered":"<p>El canciller de Venezuela, Yv\u00e1n Gil, despidi\u00f3 este mi\u00e9rcoles\u00a0una brigada de bomberos forestales con destino a Chile, como parte de la ayuda humanitaria\u00a0para combatir los incendios que arrasan varias regiones de ese pa\u00eds. Desde el Aeropuerto Internacional\u00a0Sim\u00f3n Bol\u00edvar\u00a0de Maiquet\u00eda, en el estado La Guaira, el canciller reiter\u00f3, junto al ministro de Ecosocialismo, Josu\u00e9 Lorca, la [&hellip;]<\/p>\n","protected":false},"author":19,"featured_media":238979,"comment_status":"closed","ping_status":"closed","sticky":false,"template":"","format":"standard","meta":{"footnotes":""},"categories":[8],"tags":[],"class_list":{"0":"post-238978","1":"post","2":"type-post","3":"status-publish","4":"format-standard","5":"has-post-thumbnail","7":"category-internacionales"},"_links":{"self":[{"href":"https:\/\/elluchador.info\/index.php?rest_route=\/wp\/v2\/posts\/238978","targetHints":{"allow":["GET"]}}],"collection":[{"href":"https:\/\/elluchador.info\/index.php?rest_route=\/wp\/v2\/posts"}],"about":[{"href":"https:\/\/elluchador.info\/index.php?rest_route=\/wp\/v2\/types\/post"}],"author":[{"embeddable":true,"href":"https:\/\/elluchador.info\/index.php?rest_route=\/wp\/v2\/users\/19"}],"replies":[{"embeddable":true,"href":"https:\/\/elluchador.info\/index.php?rest_route=%2Fwp%2Fv2%2Fcomments&post=238978"}],"version-history":[{"count":1,"href":"https:\/\/elluchador.info\/index.php?rest_route=\/wp\/v2\/posts\/238978\/revisions"}],"predecessor-version":[{"id":238980,"href":"https:\/\/elluchador.info\/index.php?rest_route=\/wp\/v2\/posts\/238978\/revisions\/238980"}],"wp:featuredmedia":[{"embeddable":true,"href":"https:\/\/elluchador.info\/index.php?rest_route=\/wp\/v2\/media\/238979"}],"wp:attachment":[{"href":"https:\/\/elluchador.info\/index.php?rest_route=%2Fwp%2Fv2%2Fmedia&parent=238978"}],"wp:term":[{"taxonomy":"category","embeddable":true,"href":"https:\/\/elluchador.info\/index.php?rest_route=%2Fwp%2Fv2%2Fcategories&post=238978"},{"taxonomy":"post_tag","embeddable":true,"href":"https:\/\/elluchador.info\/index.php?rest_route=%2Fwp%2Fv2%2Ftags&post=238978"}],"curies":[{"name":"wp","href":"https:\/\/api.w.org\/{rel}","templated":true}]}}