{"id":239034,"date":"2023-02-10T13:44:04","date_gmt":"2023-02-10T17:44:04","guid":{"rendered":"https:\/\/elluchador.info\/web\/?p=239034"},"modified":"2023-02-10T13:44:04","modified_gmt":"2023-02-10T17:44:04","slug":"reconocen-participacion-de-la-fanb-en-operaciones-del-sistema-defensivo-territorial","status":"publish","type":"post","link":"https:\/\/elluchador.info\/?p=239034","title":{"rendered":"Reconocen participaci\u00f3n de la FANB en operaciones del Sistema Defensivo Territorial"},"content":{"rendered":"<p>El vicepresidente sectorial de Soberan\u00eda Pol\u00edtica, Seguridad y Paz, y ministro del Poder Popular para la Defensa, G\/J Vladimir Padrino L\u00f3pez, encabez\u00f3 el acto de reconocimiento a los hombres y mujeres que integran los componentes de la Fuerza Armada Nacional Bolivariana (FANB), que se destacaron en las operaciones militares desarrolladas por el Sistema Defensivo Territorial.<\/p>\n<p>El acto se desarroll\u00f3 en Fuerte Tiuna en Caracas, rese\u00f1a un mensaje difundido en la cuenta de Twitter de la FANB, @PrensaFANB.<\/p>\n<p>Durante el acto, el General en Jefe expres\u00f3: \u201cNuestros J\u00f3venes siempre han demostrado su\u00a0 valent\u00eda, como aquel 12 de febrero de 1814, la rebeld\u00eda encarnada en la juventud, se hizo un ej\u00e9rcito de combatientes, que con intrepidez, enfrentaron a las tropas realistas, eso es el verdadero ejemplo de Victoria\u201d.<\/p>\n<p>De igual manera, el ministro destac\u00f3 esta semana el rol de la FANB en la garant\u00eda de la paz en el territorio nacional y la defensa de la soberan\u00eda. \u201cSe necesita m\u00e1s coraje, valor y valent\u00eda para perdonar y mantener la paz, que para promover la violencia\u201d. \u00a1Todo lo hemos hecho y seguiremos haciendo por la paz. Por ella todo el trabajo, actividad y empe\u00f1o de la FANB!\u201d<\/p>\n<p>Con informaci\u00f3n de www.vtv.gob.ve<\/p>\n","protected":false},"excerpt":{"rendered":"<p>El vicepresidente sectorial de Soberan\u00eda Pol\u00edtica, Seguridad y Paz, y ministro del Poder Popular para la Defensa, G\/J Vladimir Padrino L\u00f3pez, encabez\u00f3 el acto de reconocimiento a los hombres y mujeres que integran los componentes de la Fuerza Armada Nacional Bolivariana (FANB), que se destacaron en las operaciones militares desarrolladas por el Sistema Defensivo Territorial. [&hellip;]<\/p>\n","protected":false},"author":19,"featured_media":239035,"comment_status":"closed","ping_status":"closed","sticky":false,"template":"","format":"standard","meta":{"footnotes":""},"categories":[13],"tags":[],"class_list":{"0":"post-239034","1":"post","2":"type-post","3":"status-publish","4":"format-standard","5":"has-post-thumbnail","7":"category-sucesos"},"_links":{"self":[{"href":"https:\/\/elluchador.info\/index.php?rest_route=\/wp\/v2\/posts\/239034","targetHints":{"allow":["GET"]}}],"collection":[{"href":"https:\/\/elluchador.info\/index.php?rest_route=\/wp\/v2\/posts"}],"about":[{"href":"https:\/\/elluchador.info\/index.php?rest_route=\/wp\/v2\/types\/post"}],"author":[{"embeddable":true,"href":"https:\/\/elluchador.info\/index.php?rest_route=\/wp\/v2\/users\/19"}],"replies":[{"embeddable":true,"href":"https:\/\/elluchador.info\/index.php?rest_route=%2Fwp%2Fv2%2Fcomments&post=239034"}],"version-history":[{"count":1,"href":"https:\/\/elluchador.info\/index.php?rest_route=\/wp\/v2\/posts\/239034\/revisions"}],"predecessor-version":[{"id":239036,"href":"https:\/\/elluchador.info\/index.php?rest_route=\/wp\/v2\/posts\/239034\/revisions\/239036"}],"wp:featuredmedia":[{"embeddable":true,"href":"https:\/\/elluchador.info\/index.php?rest_route=\/wp\/v2\/media\/239035"}],"wp:attachment":[{"href":"https:\/\/elluchador.info\/index.php?rest_route=%2Fwp%2Fv2%2Fmedia&parent=239034"}],"wp:term":[{"taxonomy":"category","embeddable":true,"href":"https:\/\/elluchador.info\/index.php?rest_route=%2Fwp%2Fv2%2Fcategories&post=239034"},{"taxonomy":"post_tag","embeddable":true,"href":"https:\/\/elluchador.info\/index.php?rest_route=%2Fwp%2Fv2%2Ftags&post=239034"}],"curies":[{"name":"wp","href":"https:\/\/api.w.org\/{rel}","templated":true}]}}