{"id":239040,"date":"2023-02-10T15:40:44","date_gmt":"2023-02-10T19:40:44","guid":{"rendered":"https:\/\/elluchador.info\/web\/?p=239040"},"modified":"2023-02-10T15:40:44","modified_gmt":"2023-02-10T19:40:44","slug":"chile-la-ue-envia-mas-de-250-efectivos-para-controlar-incendio-forestal","status":"publish","type":"post","link":"https:\/\/elluchador.info\/?p=239040","title":{"rendered":"Chile: La UE env\u00eda m\u00e1s de 250 efectivos para controlar incendio forestal"},"content":{"rendered":"<p>La Uni\u00f3n Europea (UE) anunci\u00f3 que ha enviado a m\u00e1s de 250 bomberos, expertos en coordinaci\u00f3n y personal m\u00e9dico a Chile procedentes de Espa\u00f1a, Portugal y Francia para ayudar a extinguir los incendios que arrasan el centro del pa\u00eds.<\/p>\n<div>La delegaci\u00f3n est\u00e1 conformada por\u00a0141 bomberos, expertos en coordinaci\u00f3n y personal m\u00e9dico de Portugal, y un equipo compuesto por 80 bomberos de Francia, Incendios Forestales Terrestres de 28 personas en total y un Equipo de Evaluaci\u00f3n y Asesoramiento en la Lucha contra Incendios Forestales (FAST) de diez expertos procedentes de Espa\u00f1a.<\/div>\n<div><\/div>\n<div>Adem\u00e1s, la UE ha desplegado en Chile a un oficial de enlace del Centro de Coordinaci\u00f3n de Respuesta a Emergencias de la UE, mientras que est\u00e1 previsto el env\u00edo de un equipo de protecci\u00f3n civil comunitario en los pr\u00f3ximos d\u00edas.<\/p>\n<div><\/div>\n<div>Este apoyo se da luego de que Chile solicitara el apoyo a la UE, esta ejecut\u00f3 la ayuda a trav\u00e9s de su Mecanismo de Protecci\u00f3n Civil.<\/div>\n<div><\/div>\n<div>Por su parte, el Servicio Nacional Chileno de Prevenci\u00f3n y Respuesta ante Desastres (Senapred) detall\u00f3 que el fuego que devasta el centro de Chile desde hace una semana, a causa de unas temperaturas r\u00e9cord, ha arrasado m\u00e1s de 366 mil\u00a0 hect\u00e1reas.<\/div>\n<div><\/div>\n<div>EFE<\/div>\n<\/div>\n","protected":false},"excerpt":{"rendered":"<p>La Uni\u00f3n Europea (UE) anunci\u00f3 que ha enviado a m\u00e1s de 250 bomberos, expertos en coordinaci\u00f3n y personal m\u00e9dico a Chile procedentes de Espa\u00f1a, Portugal y Francia para ayudar a extinguir los incendios que arrasan el centro del pa\u00eds. La delegaci\u00f3n est\u00e1 conformada por\u00a0141 bomberos, expertos en coordinaci\u00f3n y personal m\u00e9dico de Portugal, y un [&hellip;]<\/p>\n","protected":false},"author":19,"featured_media":239041,"comment_status":"closed","ping_status":"closed","sticky":false,"template":"","format":"standard","meta":{"footnotes":""},"categories":[8],"tags":[],"class_list":{"0":"post-239040","1":"post","2":"type-post","3":"status-publish","4":"format-standard","5":"has-post-thumbnail","7":"category-internacionales"},"_links":{"self":[{"href":"https:\/\/elluchador.info\/index.php?rest_route=\/wp\/v2\/posts\/239040","targetHints":{"allow":["GET"]}}],"collection":[{"href":"https:\/\/elluchador.info\/index.php?rest_route=\/wp\/v2\/posts"}],"about":[{"href":"https:\/\/elluchador.info\/index.php?rest_route=\/wp\/v2\/types\/post"}],"author":[{"embeddable":true,"href":"https:\/\/elluchador.info\/index.php?rest_route=\/wp\/v2\/users\/19"}],"replies":[{"embeddable":true,"href":"https:\/\/elluchador.info\/index.php?rest_route=%2Fwp%2Fv2%2Fcomments&post=239040"}],"version-history":[{"count":1,"href":"https:\/\/elluchador.info\/index.php?rest_route=\/wp\/v2\/posts\/239040\/revisions"}],"predecessor-version":[{"id":239042,"href":"https:\/\/elluchador.info\/index.php?rest_route=\/wp\/v2\/posts\/239040\/revisions\/239042"}],"wp:featuredmedia":[{"embeddable":true,"href":"https:\/\/elluchador.info\/index.php?rest_route=\/wp\/v2\/media\/239041"}],"wp:attachment":[{"href":"https:\/\/elluchador.info\/index.php?rest_route=%2Fwp%2Fv2%2Fmedia&parent=239040"}],"wp:term":[{"taxonomy":"category","embeddable":true,"href":"https:\/\/elluchador.info\/index.php?rest_route=%2Fwp%2Fv2%2Fcategories&post=239040"},{"taxonomy":"post_tag","embeddable":true,"href":"https:\/\/elluchador.info\/index.php?rest_route=%2Fwp%2Fv2%2Ftags&post=239040"}],"curies":[{"name":"wp","href":"https:\/\/api.w.org\/{rel}","templated":true}]}}