{"id":239062,"date":"2023-02-10T17:48:17","date_gmt":"2023-02-10T21:48:17","guid":{"rendered":"https:\/\/elluchador.info\/web\/?p=239062"},"modified":"2023-02-10T17:48:17","modified_gmt":"2023-02-10T21:48:17","slug":"cne-evaluara-eventual-asistencia-tecnica-a-las-primarias","status":"publish","type":"post","link":"https:\/\/elluchador.info\/?p=239062","title":{"rendered":"CNE evaluar\u00e1 eventual asistencia t\u00e9cnica a las primarias"},"content":{"rendered":"<p>El Consejo Nacional Electoral (CNE), design\u00f3 este viernes una comisi\u00f3n t\u00e9cnica para evaluar el alcance de la asistencia que podr\u00eda brindar en las elecciones primarias de la oposici\u00f3n.<\/p>\n<p>La solicitud de la evaluaci\u00f3n fue hecha por la Plataforma Unitaria de la oposici\u00f3n.<\/p>\n<p>A continuaci\u00f3n comunicaci\u00f3n oficial emitida por el ente electoral:<\/p>\n<p><strong>\u00abEsta comisi\u00f3n estar\u00e1 presidida por la m\u00e1xima autoridad del CNE, Pedro Calzadilla, y estar\u00e1 integrada por los rectores Roberto Pic\u00f3n, Carlos Quintero y Leonel P\u00e1rica, de acuerdo con la decisi\u00f3n acordada este jueves por las autoridades electorales, quienes deber\u00e1n reunirse en breve con representantes de la instancia partidista opositora\u00bb<\/strong>, reza un comunicado del ente comicial.<\/p>\n<figure class=\"wp-block-embed is-type-rich is-provider-twitter wp-block-embed-twitter\">\n<div class=\"wp-block-embed__wrapper\">\n<div class=\"twitter-tweet twitter-tweet-rendered\"><iframe id=\"twitter-widget-0\" class=\"\" title=\"Twitter Tweet\" src=\"https:\/\/platform.twitter.com\/embed\/Tweet.html?dnt=true&amp;embedId=twitter-widget-0&amp;features=eyJ0ZndfdGltZWxpbmVfbGlzdCI6eyJidWNrZXQiOltdLCJ2ZXJzaW9uIjpudWxsfSwidGZ3X2ZvbGxvd2VyX2NvdW50X3N1bnNldCI6eyJidWNrZXQiOnRydWUsInZlcnNpb24iOm51bGx9LCJ0ZndfdHdlZXRfZWRpdF9iYWNrZW5kIjp7ImJ1Y2tldCI6Im9uIiwidmVyc2lvbiI6bnVsbH0sInRmd19yZWZzcmNfc2Vzc2lvbiI6eyJidWNrZXQiOiJvbiIsInZlcnNpb24iOm51bGx9LCJ0Zndfc2hvd19idXNpbmVzc192ZXJpZmllZF9iYWRnZSI6eyJidWNrZXQiOiJvbiIsInZlcnNpb24iOm51bGx9LCJ0ZndfbWl4ZWRfbWVkaWFfMTU4OTciOnsiYnVja2V0IjoidHJlYXRtZW50IiwidmVyc2lvbiI6bnVsbH0sInRmd19leHBlcmltZW50c19jb29raWVfZXhwaXJhdGlvbiI6eyJidWNrZXQiOjEyMDk2MDAsInZlcnNpb24iOm51bGx9LCJ0ZndfZHVwbGljYXRlX3NjcmliZXNfdG9fc2V0dGluZ3MiOnsiYnVja2V0Ijoib24iLCJ2ZXJzaW9uIjpudWxsfSwidGZ3X3ZpZGVvX2hsc19keW5hbWljX21hbmlmZXN0c18xNTA4MiI6eyJidWNrZXQiOiJ0cnVlX2JpdHJhdGUiLCJ2ZXJzaW9uIjpudWxsfSwidGZ3X3Nob3dfYmx1ZV92ZXJpZmllZF9iYWRnZSI6eyJidWNrZXQiOiJvbiIsInZlcnNpb24iOm51bGx9LCJ0ZndfbGVnYWN5X3RpbWVsaW5lX3N1bnNldCI6eyJidWNrZXQiOnRydWUsInZlcnNpb24iOm51bGx9LCJ0Zndfc2hvd19nb3ZfdmVyaWZpZWRfYmFkZ2UiOnsiYnVja2V0Ijoib24iLCJ2ZXJzaW9uIjpudWxsfSwidGZ3X3Nob3dfYnVzaW5lc3NfYWZmaWxpYXRlX2JhZGdlIjp7ImJ1Y2tldCI6Im9uIiwidmVyc2lvbiI6bnVsbH0sInRmd190d2VldF9lZGl0X2Zyb250ZW5kIjp7ImJ1Y2tldCI6Im9uIiwidmVyc2lvbiI6bnVsbH19&amp;frame=false&amp;hideCard=false&amp;hideThread=false&amp;id=1624101428678602768&amp;lang=es&amp;origin=https%3A%2F%2Funionradio.net%2Fcne-evaluara-eventual-asistencia-tecnica-a-las-primarias%2F&amp;sessionId=ba9fcb0179acffb3345709e1713bb02b9f29c850&amp;theme=light&amp;widgetsVersion=aaf4084522e3a%3A1674595607486&amp;width=500px\" frameborder=\"0\" scrolling=\"no\" allowfullscreen=\"allowfullscreen\" data-tweet-id=\"1624101428678602768\" data-mce-fragment=\"1\"><\/iframe><\/div>\n<\/div>\n<\/figure>\n<p>Por su parte la Comisi\u00f3n Nacional de Primaria expres\u00f3 en u comunicado que el espacio servir\u00e1 para evaluar la log\u00edstica electoral.<\/p>\n<blockquote class=\"wp-block-quote\"><p>\u00abEn este espacio se evaluar\u00e1n los aspectos concernientes a los requerimientos, comunicados en el mes de diciembre, acerca de la posibilidad de usar en la Primaria los centros de votaci\u00f3n, que son de todos los venezolanos, y la organizaci\u00f3n de jornadas especiales de inscripci\u00f3n de nuevos votantes y actualizaci\u00f3n de datos del Registro Electoral\u00bb, reza el texto.<\/p><\/blockquote>\n<p>Uni\u00f3n Radio<\/p>\n","protected":false},"excerpt":{"rendered":"<p>El Consejo Nacional Electoral (CNE), design\u00f3 este viernes una comisi\u00f3n t\u00e9cnica para evaluar el alcance de la asistencia que podr\u00eda brindar en las elecciones primarias de la oposici\u00f3n. La solicitud de la evaluaci\u00f3n fue hecha por la Plataforma Unitaria de la oposici\u00f3n. A continuaci\u00f3n comunicaci\u00f3n oficial emitida por el ente electoral: \u00abEsta comisi\u00f3n estar\u00e1 presidida [&hellip;]<\/p>\n","protected":false},"author":19,"featured_media":239063,"comment_status":"closed","ping_status":"closed","sticky":false,"template":"","format":"standard","meta":{"footnotes":""},"categories":[9],"tags":[],"class_list":{"0":"post-239062","1":"post","2":"type-post","3":"status-publish","4":"format-standard","5":"has-post-thumbnail","7":"category-nacionales"},"_links":{"self":[{"href":"https:\/\/elluchador.info\/index.php?rest_route=\/wp\/v2\/posts\/239062","targetHints":{"allow":["GET"]}}],"collection":[{"href":"https:\/\/elluchador.info\/index.php?rest_route=\/wp\/v2\/posts"}],"about":[{"href":"https:\/\/elluchador.info\/index.php?rest_route=\/wp\/v2\/types\/post"}],"author":[{"embeddable":true,"href":"https:\/\/elluchador.info\/index.php?rest_route=\/wp\/v2\/users\/19"}],"replies":[{"embeddable":true,"href":"https:\/\/elluchador.info\/index.php?rest_route=%2Fwp%2Fv2%2Fcomments&post=239062"}],"version-history":[{"count":1,"href":"https:\/\/elluchador.info\/index.php?rest_route=\/wp\/v2\/posts\/239062\/revisions"}],"predecessor-version":[{"id":239064,"href":"https:\/\/elluchador.info\/index.php?rest_route=\/wp\/v2\/posts\/239062\/revisions\/239064"}],"wp:featuredmedia":[{"embeddable":true,"href":"https:\/\/elluchador.info\/index.php?rest_route=\/wp\/v2\/media\/239063"}],"wp:attachment":[{"href":"https:\/\/elluchador.info\/index.php?rest_route=%2Fwp%2Fv2%2Fmedia&parent=239062"}],"wp:term":[{"taxonomy":"category","embeddable":true,"href":"https:\/\/elluchador.info\/index.php?rest_route=%2Fwp%2Fv2%2Fcategories&post=239062"},{"taxonomy":"post_tag","embeddable":true,"href":"https:\/\/elluchador.info\/index.php?rest_route=%2Fwp%2Fv2%2Ftags&post=239062"}],"curies":[{"name":"wp","href":"https:\/\/api.w.org\/{rel}","templated":true}]}}