{"id":239071,"date":"2023-02-10T18:25:04","date_gmt":"2023-02-10T22:25:04","guid":{"rendered":"https:\/\/elluchador.info\/web\/?p=239071"},"modified":"2023-02-10T18:25:04","modified_gmt":"2023-02-10T22:25:04","slug":"el-festival-de-vina-del-mar-dio-a-conocer-su-grilla-completa-con-figuras-latinas-y-de-la-musica-urbana","status":"publish","type":"post","link":"https:\/\/elluchador.info\/?p=239071","title":{"rendered":"El Festival de Vi\u00f1a del Mar dio a conocer su grilla completa con figuras latinas y de la m\u00fasica urbana"},"content":{"rendered":"<p class=\"paragraph\">Luego de la baja del Festival Internacional de Vi\u00f1a del Mar 2023 de la banda mexicana Man\u00e1, tras acusar problemas de salud de su vocalista,\u00a0<b>Fher Olvera<\/b>, la producci\u00f3n alist\u00f3 los nombres que se sumar\u00e1n a la parrilla musical y que completan, de esta manera, el cartel del mayor evento musical del verano en Latinoam\u00e9rica, el cual\u00a0<b>comenzar\u00e1 el pr\u00f3ximo domingo 19 de febrero<\/b>.<\/p>\n<p class=\"paragraph\">En este nuevo anuncio, se confirm\u00f3 que el lunes 20 (noche donde Man\u00e1 estaba agendado) qued\u00f3 con\u00a0<b>Tini Stoessel\u00a0<\/b>(ex protagonista de la serie de Disney, Violetta)<b>\u00a0<\/b>y<b>\u00a0Emilia Mernes\u00a0<\/b>(ex miembro de la banda uruguaya de cumbia pop Rombai). En tanto, el mi\u00e9rcoles 22, se sum\u00f3 al rapero espa\u00f1ol\u00a0<b>Rels B<\/b>, quien estar\u00e1 la misma noche que\u00a0<b>Fito P\u00e1ez<\/b>, encargado de abrir la jornada. Artistas que, indudablemente, dominan los charts y las listas de reproducci\u00f3n en plataformas como Spotify y YouTube en Hispanoam\u00e9rica.<\/p>\n<p class=\"paragraph\">De esta manera, la organizaci\u00f3n de Vi\u00f1a 2023 le dar\u00e1 una mayor preponderancia a la m\u00fasica urbana, puesto que, aparte de los artistas anunciados la jornada de ayer, el certamen contar\u00e1 con la presentaci\u00f3n de\u00a0<b>Karol G, Paloma Mami, Polim\u00e1 Westcoast, Camilo y Nicki Nicole.<\/b><\/p>\n<div class=\"visual__image\"><img loading=\"lazy\" decoding=\"async\" class=\"\" src=\"https:\/\/cloudfront-us-east-1.images.arcpublishing.com\/infobae\/IVIJMAQXCVEMLNQJPSH4QKTTHY.jpg\" sizes=\"auto, (min-width: 800px) 50vw, 90vw\" srcset=\"https:\/\/www.infobae.com\/new-resizer\/G6cCefDWa6cbLQhJbXMh71kD9J4=\/420x420\/filters:format(webp):quality(85)\/cloudfront-us-east-1.images.arcpublishing.com\/infobae\/IVIJMAQXCVEMLNQJPSH4QKTTHY.jpg 420w,https:\/\/www.infobae.com\/new-resizer\/ZsLUbmxlzMaSxABFGu7_OPWy_Cg=\/768x768\/filters:format(webp):quality(85)\/cloudfront-us-east-1.images.arcpublishing.com\/infobae\/IVIJMAQXCVEMLNQJPSH4QKTTHY.jpg 768w,https:\/\/www.infobae.com\/new-resizer\/A6XpIPNg6EdpErYP3tF7D9MNxSQ=\/992x992\/filters:format(webp):quality(85)\/cloudfront-us-east-1.images.arcpublishing.com\/infobae\/IVIJMAQXCVEMLNQJPSH4QKTTHY.jpg 992w,https:\/\/www.infobae.com\/new-resizer\/nKDQMm_GmwuELrZfNi2FNzoDx20=\/1200x1200\/filters:format(webp):quality(85)\/cloudfront-us-east-1.images.arcpublishing.com\/infobae\/IVIJMAQXCVEMLNQJPSH4QKTTHY.jpg 1200w,https:\/\/www.infobae.com\/new-resizer\/6jITc1Rsru2Ky1IcLY3tW_-VgeM=\/1440x1440\/filters:format(webp):quality(85)\/cloudfront-us-east-1.images.arcpublishing.com\/infobae\/IVIJMAQXCVEMLNQJPSH4QKTTHY.jpg 1440w\" alt=\"La artista argentina Tini (Martina Stoessel) es reconocida, a su vez, por haber sido la protagonista de Violetta, serie emitida por Disney Channel.\" width=\"1920\" height=\"1952\" \/>La artista argentina Tini (Martina Stoessel) es reconocida, a su vez, por haber sido la protagonista de Violetta, serie emitida por Disney Channel.<\/div>\n<p class=\"paragraph\"><b>Tini Stoessel<\/b>\u00a0inici\u00f3 su carrera a los diez a\u00f1os en la serie infantil\u00a0<b>\u201cPatito Feo\u201d<\/b>, pero su salto a la fama ocurri\u00f3 en el 2012 cuando fue la protagonista de la serie de Disney Channel\u00a0<b>\u201cVioletta\u201d.\u00a0<\/b>Tiempo despu\u00e9s, la argentina comenz\u00f3 una incipiente carrera musical que la llev\u00f3 a lanzar en el 2016 \u201cTini\u201d, su primer \u00e1lbum solista.<\/p>\n<p class=\"paragraph\">A comienzos de 2017 graba\u00a0<i><b>\u201cYa No Hay Nadie Que Nos Pare\u201d<\/b><\/i>\u00a0junto a Sebasti\u00e1n Yatra y en octubre de ese mismo a\u00f1o estrena\u00a0<i><b>\u201cTe Quiero M\u00e1s\u201d<\/b><\/i>\u00a0a d\u00fao con Nacho. Sin embargo, el gran \u00e9xito de la artista se ha dado durante los \u00faltimos dos a\u00f1os, con canciones como\u00a0<i>\u2018\u2019Mi\u00e9nteme\u2019&#8217;<\/i>\u00a0y\u00a0<i>\u2018\u2018La Triple T\u2019\u2019<\/i>. Asimismo, se espera que durante este 2023 la argentina lance un segundo \u00e1lbum.<\/p>\n<div class=\"visual__image\"><img loading=\"lazy\" decoding=\"async\" class=\"\" src=\"https:\/\/cloudfront-us-east-1.images.arcpublishing.com\/infobae\/ADJHT33LOZFZJPNIK477Z4BKEA.jpg\" sizes=\"auto, (min-width: 800px) 50vw, 90vw\" srcset=\"https:\/\/www.infobae.com\/new-resizer\/qoJDeBBr554fGA3jtxf7HimOca4=\/420x420\/filters:format(webp):quality(85)\/cloudfront-us-east-1.images.arcpublishing.com\/infobae\/ADJHT33LOZFZJPNIK477Z4BKEA.jpg 420w,https:\/\/www.infobae.com\/new-resizer\/vEJ1BVQ0X7Bm3bzFQF1lEGXVAgg=\/768x768\/filters:format(webp):quality(85)\/cloudfront-us-east-1.images.arcpublishing.com\/infobae\/ADJHT33LOZFZJPNIK477Z4BKEA.jpg 768w,https:\/\/www.infobae.com\/new-resizer\/Pt45nCxPePeRxu_PQMyU20ucXHE=\/992x992\/filters:format(webp):quality(85)\/cloudfront-us-east-1.images.arcpublishing.com\/infobae\/ADJHT33LOZFZJPNIK477Z4BKEA.jpg 992w,https:\/\/www.infobae.com\/new-resizer\/dkiHlleRr39jOiLfyy4017orBHs=\/1200x1200\/filters:format(webp):quality(85)\/cloudfront-us-east-1.images.arcpublishing.com\/infobae\/ADJHT33LOZFZJPNIK477Z4BKEA.jpg 1200w,https:\/\/www.infobae.com\/new-resizer\/e2Zghm00d3OwTIUbdCb9SCL4gEA=\/1440x1440\/filters:format(webp):quality(85)\/cloudfront-us-east-1.images.arcpublishing.com\/infobae\/ADJHT33LOZFZJPNIK477Z4BKEA.jpg 1440w\" alt=\"Emilia Mernes fue parte de la banda uruguaya Rombai. Y de hecho, tuvo una participaci\u00f3n en el Festival de Vi\u00f1a del Mar del a\u00f1o 2017.\" width=\"1920\" height=\"1920\" \/>Emilia Mernes fue parte de la banda uruguaya Rombai. Y de hecho, tuvo una participaci\u00f3n en el Festival de Vi\u00f1a del Mar del a\u00f1o 2017.<\/div>\n<p class=\"paragraph\">Siguiendo esa misma l\u00ednea, la argentina\u00a0<b>Emilia Mernes, m\u00e1s conocida como Emilia<\/b>, es originaria de la provincia de Entre R\u00edos, y se hizo popular al formar parte del grupo uruguayo de pop-cumbia\u00a0<b>\u201cRombai\u201d<\/b>, dej\u00e1ndolo en el 2018 para iniciar una carrera en solitario. No obstante, Mernes logr\u00f3 pisar el escenario de la Quinta Vergara precisamente junto a su ex banda en 2017.<\/p>\n<p class=\"paragraph\">De esta manera, y decidida a abrirse un camino en la explosiva industria musical en Argentina, en 2019 lanz\u00f3 su primer single titulado\u00a0<i><b>\u201cRecalienta\u201d<\/b><\/i>\u00a0con el cual escala pelda\u00f1os con diversos hitos art\u00edsticos. A partir de marzo de 2020 comienza con colaboraciones que le permitieron visibilizar su m\u00fasica con artistas como MyA, la cantante brasile\u00f1a Bianca, Alex Rose, Boza, Rusherking, Nicki Nicole, Aitana y Duki, entre otros.<\/p>\n<p class=\"paragraph\"><b>Emilia es por estos d\u00edas una de las artistas m\u00e1s renombradas de su pa\u00eds con m\u00e1s de ocho millones de escuchas mensuales en Spotify<\/b>\u00a0y otros varios millones de seguidores en las principales redes sociales.<\/p>\n<div class=\"visual__image\"><img loading=\"lazy\" decoding=\"async\" class=\"\" src=\"https:\/\/cloudfront-us-east-1.images.arcpublishing.com\/infobae\/ILICGEVLVZFWNAZZVASFGWTBOU.jpg\" sizes=\"auto, (min-width: 800px) 50vw, 90vw\" srcset=\"https:\/\/www.infobae.com\/new-resizer\/kp5d5beuZaJokNnyLDWzGznbKB0=\/420x236\/filters:format(webp):quality(85)\/cloudfront-us-east-1.images.arcpublishing.com\/infobae\/ILICGEVLVZFWNAZZVASFGWTBOU.jpg 420w,https:\/\/www.infobae.com\/new-resizer\/VzOHjUgNtQ7hrlMB8bFCVi5syGk=\/768x432\/filters:format(webp):quality(85)\/cloudfront-us-east-1.images.arcpublishing.com\/infobae\/ILICGEVLVZFWNAZZVASFGWTBOU.jpg 768w,https:\/\/www.infobae.com\/new-resizer\/Nh07JG7PXfrU7GTtqp7SiKGnnAc=\/992x558\/filters:format(webp):quality(85)\/cloudfront-us-east-1.images.arcpublishing.com\/infobae\/ILICGEVLVZFWNAZZVASFGWTBOU.jpg 992w,https:\/\/www.infobae.com\/new-resizer\/Jyr5b03eFM8YLfkEO8RwfcnVxyk=\/1200x675\/filters:format(webp):quality(85)\/cloudfront-us-east-1.images.arcpublishing.com\/infobae\/ILICGEVLVZFWNAZZVASFGWTBOU.jpg 1200w,https:\/\/www.infobae.com\/new-resizer\/0--IzHisOBRXXmry8YlyrKbj-lk=\/1440x810\/filters:format(webp):quality(85)\/cloudfront-us-east-1.images.arcpublishing.com\/infobae\/ILICGEVLVZFWNAZZVASFGWTBOU.jpg 1440w\" alt=\"Rels B se presentar\u00e1, al igual que Tini, por primera vez en el escenario de la Quinta Vergara.\" width=\"1920\" height=\"1080\" \/>Rels B se presentar\u00e1, al igual que Tini, por primera vez en el escenario de la Quinta Vergara.<\/div>\n<p class=\"paragraph\">Por su parte,<b>\u00a0Rels B<\/b>\u00a0es uno de los artistas urbanos de habla hispana m\u00e1s exitosos del momento. Due\u00f1o de un magnetismo que lo acompa\u00f1a desde sus inicios, siendo escuchado por millones de oyentes en YouTube y en las playlists m\u00e1s importantes de plataformas de streaming. Canciones como\u00a0<i><b>\u2018\u2019Sin mirar las se\u00f1ales\u2019&#8217;<\/b><\/i><b>,\u00a0<\/b><i><b>\u2018\u2018Tienes el don\u2019<\/b><\/i><b>\u2019 y\u00a0<\/b><i><b>\u2018\u2019C\u00f3mo dormiste\u2019&#8217;<\/b><\/i>, dan muestra de aquello.<\/p>\n<p class=\"paragraph\">La figura ha conquistado el mercado espa\u00f1ol y latinoamericano formando parte del mundo de la m\u00fasica urbana, lo que se ha traducido en multitudinarios conciertos y exitosas giras que han elevado su popularidad en distintos rincones del planeta.<\/p>\n<p>Infobae<\/p>\n","protected":false},"excerpt":{"rendered":"<p>Luego de la baja del Festival Internacional de Vi\u00f1a del Mar 2023 de la banda mexicana Man\u00e1, tras acusar problemas de salud de su vocalista,\u00a0Fher Olvera, la producci\u00f3n alist\u00f3 los nombres que se sumar\u00e1n a la parrilla musical y que completan, de esta manera, el cartel del mayor evento musical del verano en Latinoam\u00e9rica, el [&hellip;]<\/p>\n","protected":false},"author":19,"featured_media":239072,"comment_status":"closed","ping_status":"closed","sticky":false,"template":"","format":"standard","meta":{"footnotes":""},"categories":[7],"tags":[],"class_list":{"0":"post-239071","1":"post","2":"type-post","3":"status-publish","4":"format-standard","5":"has-post-thumbnail","7":"category-entretenimiento"},"_links":{"self":[{"href":"https:\/\/elluchador.info\/index.php?rest_route=\/wp\/v2\/posts\/239071","targetHints":{"allow":["GET"]}}],"collection":[{"href":"https:\/\/elluchador.info\/index.php?rest_route=\/wp\/v2\/posts"}],"about":[{"href":"https:\/\/elluchador.info\/index.php?rest_route=\/wp\/v2\/types\/post"}],"author":[{"embeddable":true,"href":"https:\/\/elluchador.info\/index.php?rest_route=\/wp\/v2\/users\/19"}],"replies":[{"embeddable":true,"href":"https:\/\/elluchador.info\/index.php?rest_route=%2Fwp%2Fv2%2Fcomments&post=239071"}],"version-history":[{"count":1,"href":"https:\/\/elluchador.info\/index.php?rest_route=\/wp\/v2\/posts\/239071\/revisions"}],"predecessor-version":[{"id":239073,"href":"https:\/\/elluchador.info\/index.php?rest_route=\/wp\/v2\/posts\/239071\/revisions\/239073"}],"wp:featuredmedia":[{"embeddable":true,"href":"https:\/\/elluchador.info\/index.php?rest_route=\/wp\/v2\/media\/239072"}],"wp:attachment":[{"href":"https:\/\/elluchador.info\/index.php?rest_route=%2Fwp%2Fv2%2Fmedia&parent=239071"}],"wp:term":[{"taxonomy":"category","embeddable":true,"href":"https:\/\/elluchador.info\/index.php?rest_route=%2Fwp%2Fv2%2Fcategories&post=239071"},{"taxonomy":"post_tag","embeddable":true,"href":"https:\/\/elluchador.info\/index.php?rest_route=%2Fwp%2Fv2%2Ftags&post=239071"}],"curies":[{"name":"wp","href":"https:\/\/api.w.org\/{rel}","templated":true}]}}