{"id":239079,"date":"2023-02-10T19:07:08","date_gmt":"2023-02-10T23:07:08","guid":{"rendered":"https:\/\/elluchador.info\/web\/?p=239079"},"modified":"2023-02-10T19:07:08","modified_gmt":"2023-02-10T23:07:08","slug":"ciudad-guayana-se-alista-para-celebrar-el-carnaval-a-lo-grande-en-la-gumilla","status":"publish","type":"post","link":"https:\/\/elluchador.info\/?p=239079","title":{"rendered":"Ciudad Guayana se alista para celebrar el Carnaval a lo grande en la Gumilla"},"content":{"rendered":"<p>Ciudad Guayana contin\u00faa impregn\u00e1ndose del entusiasmo del Carnaval. Con diversas actividades avanza en el cronograma establecido para celebrar en grande las fiestas carnestolendas en la avenida Gumilla de San F\u00e9lix, los d\u00edas lunes 20 y martes 21 de febrero, y al que acuden alrededor de 13 mil personas.<\/p>\n<p>En la tarde de este mi\u00e9rcoles y en medio de un lleno total en el cerro El Gallo, fue la elecci\u00f3n de la madrina del Carnaval. Con sus respectivas representantes las comunidades acudieron en masa para apoyar a sus candidatas, toda vez que \u00e9stas fueron electas mediante procesos internos en sus respectivas parroquias.<\/p>\n<p>Karlenis Mato de la parroquia Sim\u00f3n Bol\u00edvar fue la flamante joven seleccionada para representar al municipio Caron\u00ed en la elecci\u00f3n regional de la Ruta del Calypso; no obstante, el alcalde Tito Oviedo se refiri\u00f3 a todas las participantes como ganadoras al ser elegidas por concurso en sus territorios.<\/p>\n<p>Las once parroquias de Caron\u00ed tuvieron su representaci\u00f3n, demostr\u00e1ndose con ello la cohesi\u00f3n de las comunidades para seguir d\u00e1ndole vida a esta tradici\u00f3n propia y caracter\u00edstica de los guayaneses.<\/p>\n<p>Nicole Rubio (15 a\u00f1os) por la parroquia Dalla Costa; Luismar Cordero (16), parroquia 5 de Julio; Dubraska Pante (17), 11 de Abril; Josemith Gonz\u00e1lez (16), Chirica; Dariangel Manzano (18), Vista Al Sol; Lilybeth Granado (23), Yocoima; Fabiola Bastardo (20), Pozo Verde; Ana Delgado (20), Cachamay; G\u00e9nesis Pe\u00f1a (19), Universidad y Valeria Souky (15), Unare, integraron el abanico de aspirantes.<\/p>\n<p>C\u00f3mite Organizador<\/p>\n<p>La organizaci\u00f3n de los Carnavales 2.023 est\u00e1 a cargo de una triada cultural integrada por las instancias del Gobierno Municipal: Alcald\u00eda Bolivariana de Caron\u00ed y C\u00e1mara Municipal; coordinadores pol\u00edticos comunitarios, mas el Poder Popular art\u00edstico y cultural, d\u00f3nde participan los hacedores de trajes de fantas\u00eda, redes de teatro, danzas, calipseros y comparseros.<\/p>\n<p>127 aportes<\/p>\n<p>Como ocurre a\u00f1o tras a\u00f1o, la Alcald\u00eda Bolivariana de Caron\u00ed apoya a los hacedores y protagonistas del Carnaval con una contribuci\u00f3n monetaria, y el 2.023 no es la excepci\u00f3n.<\/p>\n<p>En un acto efectuado en el auditorio de la sede del ayuntamiento y acompa\u00f1ado de las 11 madrinas parroquiales, el alcalde Tito Oviedo entreg\u00f3 127 aportes con el prop\u00f3sito de seguir motivando y cultivando la disposici\u00f3n de los tradicionales protagonistas del Carnaval de la avenida Gumilla.<\/p>\n<p>Prensa Alcald\u00eda de Caron\u00ed<\/p>\n<p>Ciudad Guayana<\/p>\n","protected":false},"excerpt":{"rendered":"<p>Ciudad Guayana contin\u00faa impregn\u00e1ndose del entusiasmo del Carnaval. Con diversas actividades avanza en el cronograma establecido para celebrar en grande las fiestas carnestolendas en la avenida Gumilla de San F\u00e9lix, los d\u00edas lunes 20 y martes 21 de febrero, y al que acuden alrededor de 13 mil personas. En la tarde de este mi\u00e9rcoles y [&hellip;]<\/p>\n","protected":false},"author":19,"featured_media":239080,"comment_status":"closed","ping_status":"closed","sticky":false,"template":"","format":"standard","meta":{"footnotes":""},"categories":[12],"tags":[],"class_list":{"0":"post-239079","1":"post","2":"type-post","3":"status-publish","4":"format-standard","5":"has-post-thumbnail","7":"category-regionales"},"_links":{"self":[{"href":"https:\/\/elluchador.info\/index.php?rest_route=\/wp\/v2\/posts\/239079","targetHints":{"allow":["GET"]}}],"collection":[{"href":"https:\/\/elluchador.info\/index.php?rest_route=\/wp\/v2\/posts"}],"about":[{"href":"https:\/\/elluchador.info\/index.php?rest_route=\/wp\/v2\/types\/post"}],"author":[{"embeddable":true,"href":"https:\/\/elluchador.info\/index.php?rest_route=\/wp\/v2\/users\/19"}],"replies":[{"embeddable":true,"href":"https:\/\/elluchador.info\/index.php?rest_route=%2Fwp%2Fv2%2Fcomments&post=239079"}],"version-history":[{"count":1,"href":"https:\/\/elluchador.info\/index.php?rest_route=\/wp\/v2\/posts\/239079\/revisions"}],"predecessor-version":[{"id":239081,"href":"https:\/\/elluchador.info\/index.php?rest_route=\/wp\/v2\/posts\/239079\/revisions\/239081"}],"wp:featuredmedia":[{"embeddable":true,"href":"https:\/\/elluchador.info\/index.php?rest_route=\/wp\/v2\/media\/239080"}],"wp:attachment":[{"href":"https:\/\/elluchador.info\/index.php?rest_route=%2Fwp%2Fv2%2Fmedia&parent=239079"}],"wp:term":[{"taxonomy":"category","embeddable":true,"href":"https:\/\/elluchador.info\/index.php?rest_route=%2Fwp%2Fv2%2Fcategories&post=239079"},{"taxonomy":"post_tag","embeddable":true,"href":"https:\/\/elluchador.info\/index.php?rest_route=%2Fwp%2Fv2%2Ftags&post=239079"}],"curies":[{"name":"wp","href":"https:\/\/api.w.org\/{rel}","templated":true}]}}