{"id":239082,"date":"2023-02-10T19:08:34","date_gmt":"2023-02-10T23:08:34","guid":{"rendered":"https:\/\/elluchador.info\/web\/?p=239082"},"modified":"2023-02-10T19:08:34","modified_gmt":"2023-02-10T23:08:34","slug":"promueven-la-ley-para-afrodescendientes-del-estado-bolivar","status":"publish","type":"post","link":"https:\/\/elluchador.info\/?p=239082","title":{"rendered":"Promueven la Ley para Afrodescendientes del estado Bol\u00edvar\u00a0"},"content":{"rendered":"<p>Este mi\u00e9rcoles se llev\u00f3 a cabo la instalaci\u00f3n de un equipo multidisciplinario conformado por diputados del Consejo Legislativo del estado Bol\u00edvar (CLEB), y dirigentes cimarrones, a fin de iniciar con las evaluaciones y debates sobre la Ley para los Afrodescendientes del estado Bol\u00edvar, enmarcada en la Ley Contra la Discriminaci\u00f3n Racial, que adelanta la Asamblea Nacional.<\/p>\n<p>En mesa de trabajo, este grupo de diputados del CLEB, liderado por Yusleiby Ram\u00edrez, decidi\u00f3 impulsar desde el Parlamento regional para el territorio guayan\u00e9s, una Ley fundamentada en la lucha contra el racismo, que permita visibilizar la batalla ancestral de los afrovenezolanos, por un mundo multi\u00e9tnico de respeto y hermandad.<\/p>\n<p>\u201cLos afrodescendientes insistimos en visibilizar los cumbes, que adem\u00e1s, son espacios que desde los a\u00f1os 1500, se vinieron instalando a prop\u00f3sito de la erradicaci\u00f3n de la esclavitud\u201d, afirm\u00f3 la legisladora Yusleiby Ram\u00edrez, acotando que esta gesta revolucionaria se la deben al comandante Hugo Ch\u00e1vez, lucha a la que tambi\u00e9n se sum\u00f3 el presidente Nicol\u00e1s Maduro, al declararse un militante afro.<\/p>\n<p><strong>Lucha \u201ccimarrona\u201d<\/strong><\/p>\n<p>Ram\u00edrez acot\u00f3 que en Bol\u00edvar, el gobernador \u00c1ngel Marcano se ha reconocido como un cimarr\u00f3n, como un dirigente afro, l\u00edder que en el marco de esas luchas del cimarronaje, ha demostrado su rebeld\u00eda, haci\u00e9ndose merecedor del acompa\u00f1amiento.<\/p>\n<p>\u201cSeguiremos trabajando en todo el territorio, mediante un despliegue para construir colectivamente la Ley para los Afrodescendientes, desde el CLEB\u201d.<\/p>\n<p>Inform\u00f3 que este equipo multidisciplinario se desplegar\u00e1 en los 11 municipios, junto con alcaldes y afros, para construir la Ley, a fin de retomar el cumbe de Aripao, as\u00ed como hubo que volver a Carabobo, y a Angostura, fortaleciendo el movimiento desde las ra\u00edces, y con la fuerza que caracteriza al cimarronaje bolivarense.<\/p>\n<p>Otro punto fundamental para la creaci\u00f3n de la Ley para los Afrodescendientes del estado Bol\u00edvar, es que sean tomados en cuenta en el pre\u00e1mbulo de la Constituci\u00f3n Bolivariana de la Rep\u00fablica, a fin de seguir la lucha para tener desde lo pol\u00edtico, una Vicepresidencia Afrodescendiente en la Direcci\u00f3n Nacional del Partido Socialista Unido de Venezuela (PSUV), un Ministerio Afro, e incluso la creaci\u00f3n del Instituto Contra la Discriminaci\u00f3n Racial en Bol\u00edvar.<\/p>\n<p>Prensa Cleb<\/p>\n","protected":false},"excerpt":{"rendered":"<p>Este mi\u00e9rcoles se llev\u00f3 a cabo la instalaci\u00f3n de un equipo multidisciplinario conformado por diputados del Consejo Legislativo del estado Bol\u00edvar (CLEB), y dirigentes cimarrones, a fin de iniciar con las evaluaciones y debates sobre la Ley para los Afrodescendientes del estado Bol\u00edvar, enmarcada en la Ley Contra la Discriminaci\u00f3n Racial, que adelanta la Asamblea [&hellip;]<\/p>\n","protected":false},"author":19,"featured_media":239083,"comment_status":"closed","ping_status":"closed","sticky":false,"template":"","format":"standard","meta":{"footnotes":""},"categories":[12],"tags":[],"class_list":{"0":"post-239082","1":"post","2":"type-post","3":"status-publish","4":"format-standard","5":"has-post-thumbnail","7":"category-regionales"},"_links":{"self":[{"href":"https:\/\/elluchador.info\/index.php?rest_route=\/wp\/v2\/posts\/239082","targetHints":{"allow":["GET"]}}],"collection":[{"href":"https:\/\/elluchador.info\/index.php?rest_route=\/wp\/v2\/posts"}],"about":[{"href":"https:\/\/elluchador.info\/index.php?rest_route=\/wp\/v2\/types\/post"}],"author":[{"embeddable":true,"href":"https:\/\/elluchador.info\/index.php?rest_route=\/wp\/v2\/users\/19"}],"replies":[{"embeddable":true,"href":"https:\/\/elluchador.info\/index.php?rest_route=%2Fwp%2Fv2%2Fcomments&post=239082"}],"version-history":[{"count":1,"href":"https:\/\/elluchador.info\/index.php?rest_route=\/wp\/v2\/posts\/239082\/revisions"}],"predecessor-version":[{"id":239084,"href":"https:\/\/elluchador.info\/index.php?rest_route=\/wp\/v2\/posts\/239082\/revisions\/239084"}],"wp:featuredmedia":[{"embeddable":true,"href":"https:\/\/elluchador.info\/index.php?rest_route=\/wp\/v2\/media\/239083"}],"wp:attachment":[{"href":"https:\/\/elluchador.info\/index.php?rest_route=%2Fwp%2Fv2%2Fmedia&parent=239082"}],"wp:term":[{"taxonomy":"category","embeddable":true,"href":"https:\/\/elluchador.info\/index.php?rest_route=%2Fwp%2Fv2%2Fcategories&post=239082"},{"taxonomy":"post_tag","embeddable":true,"href":"https:\/\/elluchador.info\/index.php?rest_route=%2Fwp%2Fv2%2Ftags&post=239082"}],"curies":[{"name":"wp","href":"https:\/\/api.w.org\/{rel}","templated":true}]}}