{"id":239088,"date":"2023-02-10T19:12:28","date_gmt":"2023-02-10T23:12:28","guid":{"rendered":"https:\/\/elluchador.info\/web\/?p=239088"},"modified":"2023-02-10T19:12:28","modified_gmt":"2023-02-10T23:12:28","slug":"docentes-padres-y-representantes-unidos-en-pro-de-la-formacion-de-los-alumnos","status":"publish","type":"post","link":"https:\/\/elluchador.info\/?p=239088","title":{"rendered":"Docentes, padres y representantes unidos en pro de la formaci\u00f3n de los alumnos."},"content":{"rendered":"<p>Estudiantes de la Unidad Educativa Nacional Carlos Emiliano Sal\u00f3m est\u00e1n listos para continuar este lunes al Segundo Momento Pedag\u00f3gico correspondiente al a\u00f1o escolar 22-23.<\/p>\n<p>As\u00ed lo indic\u00f3 la profesora Lydy Gruber, directora del plantel, quien reiter\u00f3 el compromiso \u00a0del personal docente, administrativo y obrero en continuar sus labores teniendo como prioridad la formaci\u00f3n acad\u00e9mica de los estudiantes.<\/p>\n<p>\u201cEstamos felices de poder decir a la comunidad de padres y representantes que hemos finalizado un Primer Momento Pedag\u00f3gico con total \u00e9xito y este lunes continuamos sin parar en esta segunda etapa que nos acerca cada vez m\u00e1s a cumplir la meta de ver concluido otro extraordinario a\u00f1o escolar. Estamos conscientes de las realidades individuales que afrontan cada miembro de nuestra poblaci\u00f3n estudiantil y docente, sin embargo la lucha es en las aulas, formando a nuestros muchachos, atendi\u00e9ndolos como lo merecen porque ellos as\u00ed lo exigen y es nuestra obligaci\u00f3n como formadores del futuro de este pa\u00eds\u201d, expres\u00f3 Gruber.<\/p>\n<p>La m\u00e1xima autoridad del recinto educativo tambi\u00e9n hizo referencia a los diversos encuentros que ha sostenido con los representantes en los que pese a las diversidad de opiniones, \u201cla mayor\u00eda han manifestado su preocupaci\u00f3n por la formaci\u00f3n de sus hijos y es por ello apuestan al trabajo indetenible del personal docente comprometido\u201d.<\/p>\n<p>Vale destacar que, la UEN Carlos Emiliano Sal\u00f3m cuenta con una poblaci\u00f3n estudiantil de m\u00e1s de 700 j\u00f3venes y adolescentes que este lunes contin\u00faan con total normalidad su proceso de formaci\u00f3n, con la visi\u00f3n de seguir enfocados en cumplir con todos los requerimientos para avanzar al siguiente a\u00f1o escolar y a la obtenci\u00f3n del t\u00edtulo de bachiller en el caso de los cursantes del \u00faltimo a\u00f1o.<\/p>\n<p>Gledis Bonilla<\/p>\n<p>Ciudad Bol\u00edvar<\/p>\n<p>&nbsp;<\/p>\n","protected":false},"excerpt":{"rendered":"<p>Estudiantes de la Unidad Educativa Nacional Carlos Emiliano Sal\u00f3m est\u00e1n listos para continuar este lunes al Segundo Momento Pedag\u00f3gico correspondiente al a\u00f1o escolar 22-23. As\u00ed lo indic\u00f3 la profesora Lydy Gruber, directora del plantel, quien reiter\u00f3 el compromiso \u00a0del personal docente, administrativo y obrero en continuar sus labores teniendo como prioridad la formaci\u00f3n acad\u00e9mica de [&hellip;]<\/p>\n","protected":false},"author":19,"featured_media":239089,"comment_status":"closed","ping_status":"closed","sticky":false,"template":"","format":"standard","meta":{"footnotes":""},"categories":[2],"tags":[],"class_list":{"0":"post-239088","1":"post","2":"type-post","3":"status-publish","4":"format-standard","5":"has-post-thumbnail","7":"category-comunidad"},"_links":{"self":[{"href":"https:\/\/elluchador.info\/index.php?rest_route=\/wp\/v2\/posts\/239088","targetHints":{"allow":["GET"]}}],"collection":[{"href":"https:\/\/elluchador.info\/index.php?rest_route=\/wp\/v2\/posts"}],"about":[{"href":"https:\/\/elluchador.info\/index.php?rest_route=\/wp\/v2\/types\/post"}],"author":[{"embeddable":true,"href":"https:\/\/elluchador.info\/index.php?rest_route=\/wp\/v2\/users\/19"}],"replies":[{"embeddable":true,"href":"https:\/\/elluchador.info\/index.php?rest_route=%2Fwp%2Fv2%2Fcomments&post=239088"}],"version-history":[{"count":1,"href":"https:\/\/elluchador.info\/index.php?rest_route=\/wp\/v2\/posts\/239088\/revisions"}],"predecessor-version":[{"id":239090,"href":"https:\/\/elluchador.info\/index.php?rest_route=\/wp\/v2\/posts\/239088\/revisions\/239090"}],"wp:featuredmedia":[{"embeddable":true,"href":"https:\/\/elluchador.info\/index.php?rest_route=\/wp\/v2\/media\/239089"}],"wp:attachment":[{"href":"https:\/\/elluchador.info\/index.php?rest_route=%2Fwp%2Fv2%2Fmedia&parent=239088"}],"wp:term":[{"taxonomy":"category","embeddable":true,"href":"https:\/\/elluchador.info\/index.php?rest_route=%2Fwp%2Fv2%2Fcategories&post=239088"},{"taxonomy":"post_tag","embeddable":true,"href":"https:\/\/elluchador.info\/index.php?rest_route=%2Fwp%2Fv2%2Ftags&post=239088"}],"curies":[{"name":"wp","href":"https:\/\/api.w.org\/{rel}","templated":true}]}}