{"id":239366,"date":"2023-02-14T23:46:17","date_gmt":"2023-02-15T03:46:17","guid":{"rendered":"https:\/\/elluchador.info\/web\/?p=239366"},"modified":"2023-02-14T23:46:17","modified_gmt":"2023-02-15T03:46:17","slug":"alcaldia-de-caroni-trabaja-en-socavamiento-de-la-via-colombia","status":"publish","type":"post","link":"https:\/\/elluchador.info\/?p=239366","title":{"rendered":"Alcald\u00eda de Caron\u00ed trabaja en socavamiento de la V\u00eda Colombia"},"content":{"rendered":"<p>Dando continuidad al cronograma de atenciones y bajo la instrucci\u00f3n del alcalde del municipio Caron\u00ed, Tito Oviedo, comenz\u00f3 la reparaci\u00f3n del socavamiento en la V\u00eda Colombia, en la parroquia Cachamay de Ciudad Guayana.<\/p>\n<p>La Corporaci\u00f3n de Servicios Guayana y Obras Guayana, ambas dependencias de la Alcald\u00eda de Caron\u00ed, iniciaron los trabajos de levantamiento de la capa asf\u00e1ltica y excavaci\u00f3n para hacer un reconocimiento del da\u00f1o.<\/p>\n<p>\u00abPor lo que hemos visto hasta ahora es una tuber\u00eda fracturada, la tuber\u00eda que se conecta con la boca de visita\u00bb, se\u00f1al\u00f3 Luis Rodr\u00edguez, gerente general de Obras Guayana.<\/p>\n<p>Explic\u00f3 que los trabajos deber\u00e1n incluir la reparaci\u00f3n de dicha tuber\u00eda o su sustituci\u00f3n, el curso de los trabajos lo determinar\u00e1n cuando el \u00e1rea est\u00e9<\/p>\n<p>suficientemente despejada para hacer un diagn\u00f3stico preciso.<\/p>\n<p>Las labores de este lunes tambi\u00e9n incluyeron el destape de una boca de visita colapsada que afectaba la v\u00eda por el desbordamiento de aguas servidas.<\/p>\n<p><strong>Prensa Alcald\u00eda de Caron\u00ed<\/strong><\/p>\n","protected":false},"excerpt":{"rendered":"<p>Dando continuidad al cronograma de atenciones y bajo la instrucci\u00f3n del alcalde del municipio Caron\u00ed, Tito Oviedo, comenz\u00f3 la reparaci\u00f3n del socavamiento en la V\u00eda Colombia, en la parroquia Cachamay de Ciudad Guayana. La Corporaci\u00f3n de Servicios Guayana y Obras Guayana, ambas dependencias de la Alcald\u00eda de Caron\u00ed, iniciaron los trabajos de levantamiento de la [&hellip;]<\/p>\n","protected":false},"author":19,"featured_media":239367,"comment_status":"closed","ping_status":"closed","sticky":false,"template":"","format":"standard","meta":{"footnotes":""},"categories":[12],"tags":[],"class_list":{"0":"post-239366","1":"post","2":"type-post","3":"status-publish","4":"format-standard","5":"has-post-thumbnail","7":"category-regionales"},"_links":{"self":[{"href":"https:\/\/elluchador.info\/index.php?rest_route=\/wp\/v2\/posts\/239366","targetHints":{"allow":["GET"]}}],"collection":[{"href":"https:\/\/elluchador.info\/index.php?rest_route=\/wp\/v2\/posts"}],"about":[{"href":"https:\/\/elluchador.info\/index.php?rest_route=\/wp\/v2\/types\/post"}],"author":[{"embeddable":true,"href":"https:\/\/elluchador.info\/index.php?rest_route=\/wp\/v2\/users\/19"}],"replies":[{"embeddable":true,"href":"https:\/\/elluchador.info\/index.php?rest_route=%2Fwp%2Fv2%2Fcomments&post=239366"}],"version-history":[{"count":1,"href":"https:\/\/elluchador.info\/index.php?rest_route=\/wp\/v2\/posts\/239366\/revisions"}],"predecessor-version":[{"id":239368,"href":"https:\/\/elluchador.info\/index.php?rest_route=\/wp\/v2\/posts\/239366\/revisions\/239368"}],"wp:featuredmedia":[{"embeddable":true,"href":"https:\/\/elluchador.info\/index.php?rest_route=\/wp\/v2\/media\/239367"}],"wp:attachment":[{"href":"https:\/\/elluchador.info\/index.php?rest_route=%2Fwp%2Fv2%2Fmedia&parent=239366"}],"wp:term":[{"taxonomy":"category","embeddable":true,"href":"https:\/\/elluchador.info\/index.php?rest_route=%2Fwp%2Fv2%2Fcategories&post=239366"},{"taxonomy":"post_tag","embeddable":true,"href":"https:\/\/elluchador.info\/index.php?rest_route=%2Fwp%2Fv2%2Ftags&post=239366"}],"curies":[{"name":"wp","href":"https:\/\/api.w.org\/{rel}","templated":true}]}}