{"id":239386,"date":"2023-02-15T00:18:47","date_gmt":"2023-02-15T04:18:47","guid":{"rendered":"https:\/\/elluchador.info\/web\/?p=239386"},"modified":"2023-02-15T00:18:47","modified_gmt":"2023-02-15T04:18:47","slug":"biden-elige-una-vicepresidenta-de-la-fed-como-su-principal-asesora-economica","status":"publish","type":"post","link":"https:\/\/elluchador.info\/?p=239386","title":{"rendered":"Biden elige una vicepresidenta de la Fed como su principal asesora econ\u00f3mica"},"content":{"rendered":"<p>El presidente de Estados Unidos, Joe Biden, anunci\u00f3 este martes su decisi\u00f3n de elegir a Lael Brainard, actualmente vicepresidenta de la Reserva Federal, para dirigir el Consejo Econ\u00f3mico Nacional y ser as\u00ed su principal asesora econ\u00f3mica en sustituci\u00f3n de Brian Deese, que deja el cargo.<\/p>\n<p>Seg\u00fan inform\u00f3 la Casa Blanca, Biden tambi\u00e9n nomin\u00f3 a Jared Bernstein para dirigir el Consejo de Asesores Econ\u00f3micos (CEA) del gobierno estadounidense.<\/p>\n<p>Biden defini\u00f3 a Brainard, la segunda mujer en la historia de EE UU que dirigir\u00e1 el Consejo Econ\u00f3mico Nacional, como una de las m\u00e1s importantes economistas del pa\u00eds especializada en Macroeconom\u00eda. Se\u00f1al\u00f3 que llevar\u00e1 a la Casa Blanca una \u00abextraordinaria y profunda experiencia\u00bb en diversos organismos nacionales e internacionales.<\/p>\n<p>Brainard es actualmente vicepresidenta de la Fed y ha trabajado antes en los dos consejos ya citados, as\u00ed como en el Departamento del Tesoro. Seg\u00fan el presidente es una \u00abveterana de confianza\u00bb en este campo y \u00abentiende c\u00f3mo la econom\u00eda afecta en el d\u00eda a d\u00eda a las personas.<\/p>\n<h2>Consejeros econ\u00f3micos<\/h2>\n<p>En cuanto a Jared Bernstein, Biden record\u00f3 que es uno de sus consejeros econ\u00f3micos m\u00e1s cercanos (fue su economista jefe cuando era vicepresidente). Destac\u00f3 que comparte con \u00e9l el \u00abcoraz\u00f3n\u00bb de su visi\u00f3n econ\u00f3mica, centrada en los trabajadores.<\/p>\n<div class=\"ngb_box\">\n<div id=\"ngb_si695\" class=\"ngb_ad ngb_si\" data-id=\"695\"><\/div>\n<\/div>\n<p>\u00abJared estuvo en la trinchera conmigo cuando fui vicepresidente y entiende que tener un empleo es mucho m\u00e1s que una n\u00f3mina, es la dignidad de poder trabajar\u00bb, a\u00f1adi\u00f3 Biden en el comunicado.<\/p>\n<p>Biden nombr\u00f3 adem\u00e1s a otras tres personas para cargos econ\u00f3micos: Bharat Ramamurti y Joelle Gamble como directores adjuntos del Consejo Econ\u00f3mico Nacional y Heather Boushey como miembro del Consejo Econ\u00f3mico de Asesores y economista jefa del departamento dedicado a la Inversi\u00f3n en EE UU.<\/p>\n<p>EL NACIONAL<\/p>\n","protected":false},"excerpt":{"rendered":"<p>El presidente de Estados Unidos, Joe Biden, anunci\u00f3 este martes su decisi\u00f3n de elegir a Lael Brainard, actualmente vicepresidenta de la Reserva Federal, para dirigir el Consejo Econ\u00f3mico Nacional y ser as\u00ed su principal asesora econ\u00f3mica en sustituci\u00f3n de Brian Deese, que deja el cargo. Seg\u00fan inform\u00f3 la Casa Blanca, Biden tambi\u00e9n nomin\u00f3 a Jared [&hellip;]<\/p>\n","protected":false},"author":19,"featured_media":239387,"comment_status":"closed","ping_status":"closed","sticky":false,"template":"","format":"standard","meta":{"footnotes":""},"categories":[8],"tags":[],"class_list":{"0":"post-239386","1":"post","2":"type-post","3":"status-publish","4":"format-standard","5":"has-post-thumbnail","7":"category-internacionales"},"_links":{"self":[{"href":"https:\/\/elluchador.info\/index.php?rest_route=\/wp\/v2\/posts\/239386","targetHints":{"allow":["GET"]}}],"collection":[{"href":"https:\/\/elluchador.info\/index.php?rest_route=\/wp\/v2\/posts"}],"about":[{"href":"https:\/\/elluchador.info\/index.php?rest_route=\/wp\/v2\/types\/post"}],"author":[{"embeddable":true,"href":"https:\/\/elluchador.info\/index.php?rest_route=\/wp\/v2\/users\/19"}],"replies":[{"embeddable":true,"href":"https:\/\/elluchador.info\/index.php?rest_route=%2Fwp%2Fv2%2Fcomments&post=239386"}],"version-history":[{"count":1,"href":"https:\/\/elluchador.info\/index.php?rest_route=\/wp\/v2\/posts\/239386\/revisions"}],"predecessor-version":[{"id":239388,"href":"https:\/\/elluchador.info\/index.php?rest_route=\/wp\/v2\/posts\/239386\/revisions\/239388"}],"wp:featuredmedia":[{"embeddable":true,"href":"https:\/\/elluchador.info\/index.php?rest_route=\/wp\/v2\/media\/239387"}],"wp:attachment":[{"href":"https:\/\/elluchador.info\/index.php?rest_route=%2Fwp%2Fv2%2Fmedia&parent=239386"}],"wp:term":[{"taxonomy":"category","embeddable":true,"href":"https:\/\/elluchador.info\/index.php?rest_route=%2Fwp%2Fv2%2Fcategories&post=239386"},{"taxonomy":"post_tag","embeddable":true,"href":"https:\/\/elluchador.info\/index.php?rest_route=%2Fwp%2Fv2%2Ftags&post=239386"}],"curies":[{"name":"wp","href":"https:\/\/api.w.org\/{rel}","templated":true}]}}