{"id":239389,"date":"2023-02-15T00:23:17","date_gmt":"2023-02-15T04:23:17","guid":{"rendered":"https:\/\/elluchador.info\/web\/?p=239389"},"modified":"2023-02-15T00:23:17","modified_gmt":"2023-02-15T04:23:17","slug":"murio-el-primer-brigadista-en-incendios-de-chile","status":"publish","type":"post","link":"https:\/\/elluchador.info\/?p=239389","title":{"rendered":"Muri\u00f3 el primer brigadista en incendios de Chile"},"content":{"rendered":"<p>El Gobierno chileno confirm\u00f3 este martes el fallecimiento de un brigadista de la Corporaci\u00f3n Nacional Forestal (Conaf) durante el combate contra los devastadores incendios, elevando el n\u00famero de v\u00edctimas fatales a 25 desde el inicio de la emergencia.<\/p>\n<p>La ministra del Interior,\u00a0<strong>Carolina Toh\u00e1<\/strong>, se\u00f1al\u00f3 que el brigadista, identificado como F\u00e9lix P\u00e9rez Pereira, sufri\u00f3 un accidente mientras constru\u00eda cortafuegos en la comuna de Angol, regi\u00f3n de La Araucan\u00eda, unos 700 kil\u00f3metros al sur de Santiago.<\/p>\n<blockquote class=\"wp-block-quote\"><p>\u00abEn el d\u00eda de ayer falleci\u00f3 el primer brigadista forestal que pierde la vida en el curso de estos incendios y esperamos que sea, tambi\u00e9n, el \u00faltimo, explic\u00f3 la secretaria de Estado.<\/p><\/blockquote>\n<p>A la fecha, Conaf ha desplegado m\u00e1s de 4.400 brigadistas para combatir las llamas, fuerza apoyada por diversos grupos de brigadistas extranjeros que han llegado en delegaciones para sumarse al control del siniestro.<\/p>\n<p>Siguen desplegados en el terreno a nivel nacional cerca de 10.500 personas en el combate de incendios: 3.200 bomberos voluntarios y 3.600 brigadistas terrestres en la primera l\u00ednea, adem\u00e1s de 3.700 efectivos de las Fuerzas Armadas y la Pol\u00edcia chilena en la segunda l\u00ednea de los fuegos.<\/p>\n<p>Las autoridades chilenas y agentes privados tambi\u00e9n tienen activos 117 aeronaves y 645 veh\u00edculos o maquinaria antiincendios.<\/p>\n<figure class=\"wp-block-embed is-type-rich is-provider-twitter wp-block-embed-twitter\">\n<div class=\"wp-block-embed__wrapper\">\n<div class=\"twitter-tweet twitter-tweet-rendered\"><iframe id=\"twitter-widget-0\" class=\"\" title=\"Twitter Tweet\" src=\"https:\/\/platform.twitter.com\/embed\/Tweet.html?dnt=true&amp;embedId=twitter-widget-0&amp;features=eyJ0ZndfdGltZWxpbmVfbGlzdCI6eyJidWNrZXQiOltdLCJ2ZXJzaW9uIjpudWxsfSwidGZ3X2ZvbGxvd2VyX2NvdW50X3N1bnNldCI6eyJidWNrZXQiOnRydWUsInZlcnNpb24iOm51bGx9LCJ0ZndfdHdlZXRfZWRpdF9iYWNrZW5kIjp7ImJ1Y2tldCI6Im9uIiwidmVyc2lvbiI6bnVsbH0sInRmd19yZWZzcmNfc2Vzc2lvbiI6eyJidWNrZXQiOiJvbiIsInZlcnNpb24iOm51bGx9LCJ0Zndfc2hvd19idXNpbmVzc192ZXJpZmllZF9iYWRnZSI6eyJidWNrZXQiOiJvbiIsInZlcnNpb24iOm51bGx9LCJ0ZndfbWl4ZWRfbWVkaWFfMTU4OTciOnsiYnVja2V0IjoidHJlYXRtZW50IiwidmVyc2lvbiI6bnVsbH0sInRmd19leHBlcmltZW50c19jb29raWVfZXhwaXJhdGlvbiI6eyJidWNrZXQiOjEyMDk2MDAsInZlcnNpb24iOm51bGx9LCJ0ZndfZHVwbGljYXRlX3NjcmliZXNfdG9fc2V0dGluZ3MiOnsiYnVja2V0Ijoib24iLCJ2ZXJzaW9uIjpudWxsfSwidGZ3X3ZpZGVvX2hsc19keW5hbWljX21hbmlmZXN0c18xNTA4MiI6eyJidWNrZXQiOiJ0cnVlX2JpdHJhdGUiLCJ2ZXJzaW9uIjpudWxsfSwidGZ3X3Nob3dfYmx1ZV92ZXJpZmllZF9iYWRnZSI6eyJidWNrZXQiOiJvbiIsInZlcnNpb24iOm51bGx9LCJ0ZndfbGVnYWN5X3RpbWVsaW5lX3N1bnNldCI6eyJidWNrZXQiOnRydWUsInZlcnNpb24iOm51bGx9LCJ0Zndfc2hvd19nb3ZfdmVyaWZpZWRfYmFkZ2UiOnsiYnVja2V0Ijoib24iLCJ2ZXJzaW9uIjpudWxsfSwidGZ3X3Nob3dfYnVzaW5lc3NfYWZmaWxpYXRlX2JhZGdlIjp7ImJ1Y2tldCI6Im9uIiwidmVyc2lvbiI6bnVsbH0sInRmd190d2VldF9lZGl0X2Zyb250ZW5kIjp7ImJ1Y2tldCI6Im9uIiwidmVyc2lvbiI6bnVsbH19&amp;frame=false&amp;hideCard=false&amp;hideThread=false&amp;id=1625586085785919499&amp;lang=es&amp;origin=https%3A%2F%2Funionradio.net%2Fun-brigadista-muere-en-incendios-de-chile%2F&amp;sessionId=dd8dc9150855e8d97e1d6897b960e1cbd38fa74e&amp;theme=light&amp;widgetsVersion=aaf4084522e3a%3A1674595607486&amp;width=500px\" frameborder=\"0\" scrolling=\"no\" allowfullscreen=\"allowfullscreen\" data-tweet-id=\"1625586085785919499\" data-mce-fragment=\"1\"><\/iframe><\/div>\n<\/div>\n<\/figure>\n<p>EFE<\/p>\n","protected":false},"excerpt":{"rendered":"<p>El Gobierno chileno confirm\u00f3 este martes el fallecimiento de un brigadista de la Corporaci\u00f3n Nacional Forestal (Conaf) durante el combate contra los devastadores incendios, elevando el n\u00famero de v\u00edctimas fatales a 25 desde el inicio de la emergencia. La ministra del Interior,\u00a0Carolina Toh\u00e1, se\u00f1al\u00f3 que el brigadista, identificado como F\u00e9lix P\u00e9rez Pereira, sufri\u00f3 un accidente [&hellip;]<\/p>\n","protected":false},"author":19,"featured_media":239390,"comment_status":"closed","ping_status":"closed","sticky":false,"template":"","format":"standard","meta":{"footnotes":""},"categories":[8],"tags":[],"class_list":{"0":"post-239389","1":"post","2":"type-post","3":"status-publish","4":"format-standard","5":"has-post-thumbnail","7":"category-internacionales"},"_links":{"self":[{"href":"https:\/\/elluchador.info\/index.php?rest_route=\/wp\/v2\/posts\/239389","targetHints":{"allow":["GET"]}}],"collection":[{"href":"https:\/\/elluchador.info\/index.php?rest_route=\/wp\/v2\/posts"}],"about":[{"href":"https:\/\/elluchador.info\/index.php?rest_route=\/wp\/v2\/types\/post"}],"author":[{"embeddable":true,"href":"https:\/\/elluchador.info\/index.php?rest_route=\/wp\/v2\/users\/19"}],"replies":[{"embeddable":true,"href":"https:\/\/elluchador.info\/index.php?rest_route=%2Fwp%2Fv2%2Fcomments&post=239389"}],"version-history":[{"count":1,"href":"https:\/\/elluchador.info\/index.php?rest_route=\/wp\/v2\/posts\/239389\/revisions"}],"predecessor-version":[{"id":239391,"href":"https:\/\/elluchador.info\/index.php?rest_route=\/wp\/v2\/posts\/239389\/revisions\/239391"}],"wp:featuredmedia":[{"embeddable":true,"href":"https:\/\/elluchador.info\/index.php?rest_route=\/wp\/v2\/media\/239390"}],"wp:attachment":[{"href":"https:\/\/elluchador.info\/index.php?rest_route=%2Fwp%2Fv2%2Fmedia&parent=239389"}],"wp:term":[{"taxonomy":"category","embeddable":true,"href":"https:\/\/elluchador.info\/index.php?rest_route=%2Fwp%2Fv2%2Fcategories&post=239389"},{"taxonomy":"post_tag","embeddable":true,"href":"https:\/\/elluchador.info\/index.php?rest_route=%2Fwp%2Fv2%2Ftags&post=239389"}],"curies":[{"name":"wp","href":"https:\/\/api.w.org\/{rel}","templated":true}]}}