{"id":239422,"date":"2023-02-15T00:59:51","date_gmt":"2023-02-15T04:59:51","guid":{"rendered":"https:\/\/elluchador.info\/web\/?p=239422"},"modified":"2023-02-15T00:59:51","modified_gmt":"2023-02-15T04:59:51","slug":"taimar-lopez-pide-que-cesen-las-malas-informaciones-en-su-contra","status":"publish","type":"post","link":"https:\/\/elluchador.info\/?p=239422","title":{"rendered":"Taimar L\u00f3pez pide que cesen las malas informaciones en su contra"},"content":{"rendered":"<p>A la sala de redacci\u00f3n se aperson\u00f3 Taimar L\u00f3pez, quien es trabajadora informal (ambulante) en el paseo Orinoco, expres\u00f3 su denuncia en torno a la difamaci\u00f3n que por las redes sociales est\u00e1 haciendo un influenciador de la ciudad, en su contra; la denunciante manifiesta que a trav\u00e9s de las informaciones que \u00e9l ha difundido la ha venido mal poniendo asegurando que es una persona \u201cagresiva\u201d, por un conflicto que recientemente ocurri\u00f3 en pleno paseo Orinoco.<\/p>\n<p>\u00abLa semana pasada hubo un suceso en el cual estuve involucrada, con una se\u00f1ora llamada Adriana quien me debe desde el mes de diciembre un dinero de un \u2018sus\u00fa\u2019, y hasta el presente no responde por mi dinero, y por cobrarle lo que me pertenece, la persona me agredi\u00f3\u201d, al momento estaba con su esposo Ram\u00f3n y otros familiares, \u201cdonde fui v\u00edctima de maltratos, por la se\u00f1ora Adriana, caso que denunci\u00e9 ante la polic\u00eda de la parroquia Catedral\u00bb.<\/p>\n<p>\u00abY posteriormente me llamaron a fiscal\u00eda, para solventar la situaci\u00f3n con los agresores, donde se les determin\u00f3 que ellos deb\u00edan cumplir tres meses de trabajo comunitario, por lo que me hicieron.<\/p>\n<p>Por esos v\u00eddeos difundidos por algunas personas que estuvieron al momento de lo ocurrido, reflejaron c\u00f3mo al respecto fui v\u00edctima, y no como lo est\u00e1 haciendo ver en redes sociales, un se\u00f1or de apellido C\u00e1rdenas, donde aparezco como persona agresiva, y no es as\u00ed, tengo 15 a\u00f1os dedicada a trabajar y muchas personas conocen de mi reputaci\u00f3n\u00bb, explic\u00f3 la se\u00f1ora Taimar.<\/p>\n<p>\u00abM\u00e1s all\u00e1 de lo ocurrido, no me parece justo que por solo ir decentemente a cobrar mi dinero, para darle de comer a mis hijos, me haya ocurrido esto, y que adem\u00e1s haya personas tergiversando la informaci\u00f3n; que diga la verdad, porque esas personas en tribunales se declararon culpables de agredirme, y no como estoy quedando mal parada ante la opini\u00f3n p\u00fablica. Quiero que esto cese ya y no contin\u00faen las desacreditaciones en mi contra, debe haber seriedad al informar\u00bb, dijo.<\/p>\n<p>La denunciante igualmente manifest\u00f3 que el fiscal de la Rep\u00fablica @TarekWiliamSaab debe meterle la lupa a \u201ceste tipo informantes, que est\u00e1n da\u00f1ando la reputaci\u00f3n de las personas, y se dicen llamar periodistas sin tener la profesi\u00f3n y adem\u00e1s se afincan en el sensacionalismo y amarillismo, sin dar a conocer la verdad de los hechos\u201d, destac\u00f3.<\/p>\n<p>Yanitza Mart\u00ednez<\/p>\n","protected":false},"excerpt":{"rendered":"<p>A la sala de redacci\u00f3n se aperson\u00f3 Taimar L\u00f3pez, quien es trabajadora informal (ambulante) en el paseo Orinoco, expres\u00f3 su denuncia en torno a la difamaci\u00f3n que por las redes sociales est\u00e1 haciendo un influenciador de la ciudad, en su contra; la denunciante manifiesta que a trav\u00e9s de las informaciones que \u00e9l ha difundido la [&hellip;]<\/p>\n","protected":false},"author":19,"featured_media":239423,"comment_status":"closed","ping_status":"closed","sticky":false,"template":"","format":"standard","meta":{"footnotes":""},"categories":[13],"tags":[],"class_list":{"0":"post-239422","1":"post","2":"type-post","3":"status-publish","4":"format-standard","5":"has-post-thumbnail","7":"category-sucesos"},"_links":{"self":[{"href":"https:\/\/elluchador.info\/index.php?rest_route=\/wp\/v2\/posts\/239422","targetHints":{"allow":["GET"]}}],"collection":[{"href":"https:\/\/elluchador.info\/index.php?rest_route=\/wp\/v2\/posts"}],"about":[{"href":"https:\/\/elluchador.info\/index.php?rest_route=\/wp\/v2\/types\/post"}],"author":[{"embeddable":true,"href":"https:\/\/elluchador.info\/index.php?rest_route=\/wp\/v2\/users\/19"}],"replies":[{"embeddable":true,"href":"https:\/\/elluchador.info\/index.php?rest_route=%2Fwp%2Fv2%2Fcomments&post=239422"}],"version-history":[{"count":1,"href":"https:\/\/elluchador.info\/index.php?rest_route=\/wp\/v2\/posts\/239422\/revisions"}],"predecessor-version":[{"id":239424,"href":"https:\/\/elluchador.info\/index.php?rest_route=\/wp\/v2\/posts\/239422\/revisions\/239424"}],"wp:featuredmedia":[{"embeddable":true,"href":"https:\/\/elluchador.info\/index.php?rest_route=\/wp\/v2\/media\/239423"}],"wp:attachment":[{"href":"https:\/\/elluchador.info\/index.php?rest_route=%2Fwp%2Fv2%2Fmedia&parent=239422"}],"wp:term":[{"taxonomy":"category","embeddable":true,"href":"https:\/\/elluchador.info\/index.php?rest_route=%2Fwp%2Fv2%2Fcategories&post=239422"},{"taxonomy":"post_tag","embeddable":true,"href":"https:\/\/elluchador.info\/index.php?rest_route=%2Fwp%2Fv2%2Ftags&post=239422"}],"curies":[{"name":"wp","href":"https:\/\/api.w.org\/{rel}","templated":true}]}}