{"id":239429,"date":"2023-02-15T10:24:06","date_gmt":"2023-02-15T14:24:06","guid":{"rendered":"https:\/\/elluchador.info\/web\/?p=239429"},"modified":"2023-02-15T10:24:06","modified_gmt":"2023-02-15T14:24:06","slug":"jovenes-parlamentarios-de-brasil-colombia-y-venezuela-ponen-en-marcha-encuentro-virtual","status":"publish","type":"post","link":"https:\/\/elluchador.info\/?p=239429","title":{"rendered":"J\u00f3venes parlamentarios de Brasil, Colombia y Venezuela ponen en marcha encuentro virtual"},"content":{"rendered":"<p>Los j\u00f3venes diputados de Brasil, Colombia y Venezuela pusieron en marcha encuentro virtual permanente para desarrollar las mesas de trabajo, tales son: La Frontera de Paz, La Amazonia, Igualdad de G\u00e9nero y No Discriminaci\u00f3n, Crisis Clim\u00e1tica y La Agenda Parlamentaria, iniciativas que forma parte del I Encuentro de J\u00f3venes Parlamentarios y Parlamentarias por la Paz y la Integraci\u00f3n.<\/p>\n<p>As\u00ed lo dio a conocer la diputada de la Asamblea Nacional (AN), Jessica Moreno, mediante la entrevista concedida al programa Al Aire que transmite Venezolana de Televisi\u00f3n.<\/p>\n<p>\u201cEste encuentro de parlamentarios, tiene como objetivo la integraci\u00f3n de los pueblos de Brasil, Colombia y Venezuela. Debemos recordar de d\u00f3nde venimos. Brasil y Colombia, no ten\u00edan relaci\u00f3n, producto de los gobiernos fascistas y neoliberales pasados, que quisieron quebrantar la uni\u00f3n\u201d.<\/p>\n<p>Respecto a la frontera de paz, Moreno hizo hincapi\u00e9 en los sucesos acontecidos en la Batalla de los Puentes, donde estuvieron vinculados en la zona fronteriza, los pasados gobiernos que asediaron y agredieron a la naci\u00f3n Bolivariana.<\/p>\n<p>Ante lo se\u00f1alado, expres\u00f3 que se construyeron unas rutas para atender a las poblaciones vulnerables, producto de la migraci\u00f3n entre ambas fronteras. \u201cPlanteamos c\u00f3mo empezar los acuerdos, para lograr la cooperaci\u00f3n internacional y fundamentalmente, el tema econ\u00f3mico fue el tema que se debati\u00f3\u201d.<\/p>\n<p>Por otra parte, manifest\u00f3 que los legisladores se dieron cuenta de c\u00f3mo afecta a la poblaci\u00f3n venezolana, las ilegales medidas coercitivas unilaterales. \u201cSe llevan la voz de los parlamentarios y del pueblo (\u2026) Nos fuimos a las parroquias del 23 de Enero, evidenciando la experiencia de la organizaci\u00f3n con el Poder Popular y los Parlamentarios de Calle\u201d.<\/p>\n<p>Asever\u00f3 que tras la reuni\u00f3n sostenida con los diputados internacionales, se les demostr\u00f3 que Venezuela es pionera en materia de g\u00e9nero, as\u00ed como las leyes del Poder Popular.<\/p>\n<p>Asimismo, Jessica Moreno resalt\u00f3 que los parlamentarios del di\u00e1logo permanente por la paz, est\u00e1n construyendo junto a los diferentes sectores del pa\u00eds.<\/p>\n<p>Diputada PT: Estamos construyendo agenda del futuro y de paz<\/p>\n<p>Entretanto, la diputada por el Partido de los Trabajadores (PT) de Brasil, Dandara Tonantzin, sostuvo que fue sorprendida por la experiencia que tiene el pueblo venezolano referente a las comunas, adem\u00e1s de los cultivos.<\/p>\n<p>\u201cMe siento feliz por el cambio de nuestra relaci\u00f3n, porque estamos construyendo una agenda de futuro, de paz y de los movimiento de nuestra Suram\u00e9rica unida\u201d, apunt\u00f3.<\/p>\n<p>Al mismo tiempo, precis\u00f3 que entre los retos que tiene el PT, es llevar adelante la lucha del pueblo para ir al desarrollo, dado que se vieron obstaculizados por los gobiernos fascistas y conservadores.<\/p>\n<p>Parlamentarios juveniles de Colombia y Brasil conocen logros de la Comuna Fe Socialista<\/p>\n<p>Como parte del primer Encuentro de J\u00f3venes Parlamentarios por la Paz y la Integraci\u00f3n de Nuestra Am\u00e9rica, se efectu\u00f3 un encuentro \u201ccon el pueblo comunero, que se organiza, trabaja, lucha, estudia, que desde el seno de su comunidad general a grandes transformaciones de nuestro pa\u00eds y este espacio\u201d.<\/p>\n<p>La informaci\u00f3n la dio a conocer la segunda vicepresidenta de la Asamblea Nacional (AN), Am\u00e9rica P\u00e9rez, quien desde la Comuna Fe Socialista, ubicada en el 23 de Enero, destac\u00f3 que ese es \u201cun espacio para la construcci\u00f3n, el debate y para la creaci\u00f3n\u201d.<\/p>\n<p>La diputada P\u00e9rez resalt\u00f3 tambi\u00e9n que este es el tercer d\u00eda de agenda con los j\u00f3venes parlamentarios de Colombia, Venezuela y Brasil, donde han vivido la experiencia de la comuna \u00abpara conocer de la voz de sus protagonistas, c\u00f3mo se organizan, producen y c\u00f3mo desde la comuna se gestan esas grandes transformaciones\u201d.<\/p>\n<p>P\u00e9rez continu\u00f3 diciendo que, adem\u00e1s, es un espacio \u201cpara la resistencia de nuestro pueblo en medio de la guerra, en medio de las agresiones y en medio de los ataques que se han impuesto sobre el pueblo venezolano\u201d.<\/p>\n<p>Igualmente, asegur\u00f3 que los j\u00f3venes legisladores conocieron la comuna como un espacio \u201cdonde el hombre, la mujer, el joven, el adulto mayor, el ni\u00f1o y la ni\u00f1a se pueden expresar\u201d. La parlamentaria destac\u00f3 que para la Asamblea Nacional de Venezuela, estas actividades, \u201cconstituyen un espacio fundamental para el debate de las leyes\u201d.<\/p>\n<p>Asegur\u00f3 que, la AN cuenta con un Parlamento Comunal, \u201cque ejerce funciones legisladoras que brindan herramientas con las que nosotros y nosotras (diputados de la AN) mostramos nuestra forma, nuestro m\u00e9todo y nuestra manera de consultar todas las experiencias parlamentarias, todas las leyes que entran en primera discusi\u00f3n, luego pasa por una segunda discusi\u00f3n, y tambi\u00e9n son consultados con el Poder Popular\u201d.<\/p>\n<p>\u201cHoy vamos a visualizar, acompa\u00f1ar y vivir la experiencia productiva; conocer c\u00f3mo se ejerce la econom\u00eda comunal, c\u00f3mo se cumple esa Ley de Comunidad Comunal, que va tambi\u00e9n a una reforma, pero que ya ha dado grandes pasos y se ha constituido desde sus propios espacios. Es bueno ver las experiencias desde la comuna Fe Socialista que produce alimentos\u201d, coment\u00f3.<\/p>\n<p>Con informaci\u00f3n de VTV.<\/p>\n","protected":false},"excerpt":{"rendered":"<p>Los j\u00f3venes diputados de Brasil, Colombia y Venezuela pusieron en marcha encuentro virtual permanente para desarrollar las mesas de trabajo, tales son: La Frontera de Paz, La Amazonia, Igualdad de G\u00e9nero y No Discriminaci\u00f3n, Crisis Clim\u00e1tica y La Agenda Parlamentaria, iniciativas que forma parte del I Encuentro de J\u00f3venes Parlamentarios y Parlamentarias por la Paz [&hellip;]<\/p>\n","protected":false},"author":19,"featured_media":239430,"comment_status":"closed","ping_status":"closed","sticky":false,"template":"","format":"standard","meta":{"footnotes":""},"categories":[11],"tags":[],"class_list":{"0":"post-239429","1":"post","2":"type-post","3":"status-publish","4":"format-standard","5":"has-post-thumbnail","7":"category-politica"},"_links":{"self":[{"href":"https:\/\/elluchador.info\/index.php?rest_route=\/wp\/v2\/posts\/239429","targetHints":{"allow":["GET"]}}],"collection":[{"href":"https:\/\/elluchador.info\/index.php?rest_route=\/wp\/v2\/posts"}],"about":[{"href":"https:\/\/elluchador.info\/index.php?rest_route=\/wp\/v2\/types\/post"}],"author":[{"embeddable":true,"href":"https:\/\/elluchador.info\/index.php?rest_route=\/wp\/v2\/users\/19"}],"replies":[{"embeddable":true,"href":"https:\/\/elluchador.info\/index.php?rest_route=%2Fwp%2Fv2%2Fcomments&post=239429"}],"version-history":[{"count":1,"href":"https:\/\/elluchador.info\/index.php?rest_route=\/wp\/v2\/posts\/239429\/revisions"}],"predecessor-version":[{"id":239431,"href":"https:\/\/elluchador.info\/index.php?rest_route=\/wp\/v2\/posts\/239429\/revisions\/239431"}],"wp:featuredmedia":[{"embeddable":true,"href":"https:\/\/elluchador.info\/index.php?rest_route=\/wp\/v2\/media\/239430"}],"wp:attachment":[{"href":"https:\/\/elluchador.info\/index.php?rest_route=%2Fwp%2Fv2%2Fmedia&parent=239429"}],"wp:term":[{"taxonomy":"category","embeddable":true,"href":"https:\/\/elluchador.info\/index.php?rest_route=%2Fwp%2Fv2%2Fcategories&post=239429"},{"taxonomy":"post_tag","embeddable":true,"href":"https:\/\/elluchador.info\/index.php?rest_route=%2Fwp%2Fv2%2Ftags&post=239429"}],"curies":[{"name":"wp","href":"https:\/\/api.w.org\/{rel}","templated":true}]}}