{"id":239442,"date":"2023-02-15T11:35:19","date_gmt":"2023-02-15T15:35:19","guid":{"rendered":"https:\/\/elluchador.info\/web\/?p=239442"},"modified":"2023-02-15T11:35:19","modified_gmt":"2023-02-15T15:35:19","slug":"armenia-y-turquia-abren-frontera-tras-30-anos-para-facilitar-el-envio-de-ayuda-a-regiones-afectadas-por-el-sismo","status":"publish","type":"post","link":"https:\/\/elluchador.info\/?p=239442","title":{"rendered":"Armenia y Turqu\u00eda abren frontera tras 30 a\u00f1os para facilitar el env\u00edo de ayuda a regiones afectadas por el sismo"},"content":{"rendered":"<p>Armenia y Turqu\u00eda han abierto su frontera terrestre, cerrada en las \u00faltimas tres d\u00e9cadas, para facilitar el env\u00edo de ayuda humanitaria a las regiones turcas afectadas por el terremoto, dijo este mi\u00e9rcoles el ministro de Exteriores armenio, Ararat Mirzoyan, en Ankara.<\/p>\n<p>Mirzoyan lleg\u00f3 este mi\u00e9rcoles a Ankara para un encuentro con su hom\u00f3logo turco, Mevl\u00fct \u00c7avusoglu, y se desplazar\u00e1 despu\u00e9s a la provincia de Adiyaman que, situada en el sureste del pa\u00eds euroasi\u00e1tico, es una de las m\u00e1s afectadas por los dos terremotos del lunes 6 de febrero, que se han cobrado m\u00e1s de 40.000 v\u00edctimas en Turqu\u00eda y Siria.<\/p>\n<p>Al d\u00eda siguiente del sismo, Armenia envi\u00f3 a Turqu\u00eda un equipo de 28 expertos en rescate, que han participado en el salvamento de varios supervivientes a\u00fan siete d\u00edas despu\u00e9s del siniestro.<\/p>\n<p>El s\u00e1bado pasado se abri\u00f3 por primera vez en 30 a\u00f1os la frontera terrestre entre los dos pa\u00edses, enemistados desde la independencia de Armenia en 1991, para enviar un convoy de camiones con cien toneladas de ayuda humanitaria a Turqu\u00eda.<\/p>\n<p>Mirzoyan describi\u00f3 el gesto como \u00abs\u00edmbolo\u00bb de la reconciliaci\u00f3n en curso y agreg\u00f3 que ayer mismo un segundo convoy con material humanitario cruz\u00f3 la frontera.<\/p>\n<p>\u00abEn estos tiempos dif\u00edciles para Turqu\u00eda quiero afirmar una vez m\u00e1s nuestra disposici\u00f3n a construir la paz en la regi\u00f3n y especialmente a normalizar enteramente nuestras relaciones bilaterales con Turqu\u00eda y abrir completamente las fronteras con el pa\u00eds\u00bb, dijo Mirzoyan.<\/p>\n<p>Su anfitri\u00f3n agradeci\u00f3 el gesto del pa\u00eds vecino en la rueda de prensa de ambos ministros en la capital turca.<\/p>\n<p>\u00abArmenia nos ha extendido una mano amiga en estos d\u00edas duros y ha mostrado solidaridad y cooperaci\u00f3n\u00bb, dijo \u00c7avusoglu, seg\u00fan informa la agencia turca Anadolu.<\/p>\n<p>Ankara y Erev\u00e1n mantienen relaciones muy tensas desde 1993, principalmente a causa del conflicto armado entre Armenia y Azerbaiy\u00e1n, ya que este \u00faltimo pa\u00eds, de idioma t\u00farquico, es un estrecho aliado de Turqu\u00eda.<\/p>\n<p>Varios intentos de acercamiento en la \u00faltima d\u00e9cada han fracasado, pero desde el a\u00f1o pasado hay en marcha un nuevo proceso de normalizaci\u00f3n y \u00c7avusoglu y Mirzoyan ya hab\u00edan mantenido un encuentro durante un foro internacional en Turqu\u00eda en marzo pasado.<\/p>\n<p>Con informaci\u00f3n de EFE.<\/p>\n","protected":false},"excerpt":{"rendered":"<p>Armenia y Turqu\u00eda han abierto su frontera terrestre, cerrada en las \u00faltimas tres d\u00e9cadas, para facilitar el env\u00edo de ayuda humanitaria a las regiones turcas afectadas por el terremoto, dijo este mi\u00e9rcoles el ministro de Exteriores armenio, Ararat Mirzoyan, en Ankara. Mirzoyan lleg\u00f3 este mi\u00e9rcoles a Ankara para un encuentro con su hom\u00f3logo turco, Mevl\u00fct [&hellip;]<\/p>\n","protected":false},"author":19,"featured_media":239443,"comment_status":"closed","ping_status":"closed","sticky":false,"template":"","format":"standard","meta":{"footnotes":""},"categories":[8],"tags":[],"class_list":{"0":"post-239442","1":"post","2":"type-post","3":"status-publish","4":"format-standard","5":"has-post-thumbnail","7":"category-internacionales"},"_links":{"self":[{"href":"https:\/\/elluchador.info\/index.php?rest_route=\/wp\/v2\/posts\/239442","targetHints":{"allow":["GET"]}}],"collection":[{"href":"https:\/\/elluchador.info\/index.php?rest_route=\/wp\/v2\/posts"}],"about":[{"href":"https:\/\/elluchador.info\/index.php?rest_route=\/wp\/v2\/types\/post"}],"author":[{"embeddable":true,"href":"https:\/\/elluchador.info\/index.php?rest_route=\/wp\/v2\/users\/19"}],"replies":[{"embeddable":true,"href":"https:\/\/elluchador.info\/index.php?rest_route=%2Fwp%2Fv2%2Fcomments&post=239442"}],"version-history":[{"count":1,"href":"https:\/\/elluchador.info\/index.php?rest_route=\/wp\/v2\/posts\/239442\/revisions"}],"predecessor-version":[{"id":239444,"href":"https:\/\/elluchador.info\/index.php?rest_route=\/wp\/v2\/posts\/239442\/revisions\/239444"}],"wp:featuredmedia":[{"embeddable":true,"href":"https:\/\/elluchador.info\/index.php?rest_route=\/wp\/v2\/media\/239443"}],"wp:attachment":[{"href":"https:\/\/elluchador.info\/index.php?rest_route=%2Fwp%2Fv2%2Fmedia&parent=239442"}],"wp:term":[{"taxonomy":"category","embeddable":true,"href":"https:\/\/elluchador.info\/index.php?rest_route=%2Fwp%2Fv2%2Fcategories&post=239442"},{"taxonomy":"post_tag","embeddable":true,"href":"https:\/\/elluchador.info\/index.php?rest_route=%2Fwp%2Fv2%2Ftags&post=239442"}],"curies":[{"name":"wp","href":"https:\/\/api.w.org\/{rel}","templated":true}]}}