{"id":239445,"date":"2023-02-15T11:36:53","date_gmt":"2023-02-15T15:36:53","guid":{"rendered":"https:\/\/elluchador.info\/web\/?p=239445"},"modified":"2023-02-15T11:37:34","modified_gmt":"2023-02-15T15:37:34","slug":"colombianos-tomaron-las-calles-en-respaldo-a-las-reformas-sociales-de-petro","status":"publish","type":"post","link":"https:\/\/elluchador.info\/?p=239445","title":{"rendered":"Colombianos tomaron las calles en respaldo a las reformas sociales de Petro"},"content":{"rendered":"<p>Miles de colombianos atendieron el llamado del presidente Gustavo Petro y salieron a las calles este martes a expresar el respaldo a su Gobierno y a las reformas sociales que plantea.<\/p>\n<p>\u00abHoy los espero a las 4:00 pm en la Plaza de Armas y la Plaza de Bol\u00edvar y en todas las plazas p\u00fablicas del pa\u00eds. Quien gan\u00f3 fue el pueblo y el pueblo quiere el cambio de Colombia. Vamos por los cambios hacia un pa\u00eds democr\u00e1tico y en paz\u00bb, fue el mensaje que public\u00f3 Petro en su cuenta en Twitter la ma\u00f1ana de este martes.<\/p>\n<p>En respuesta, cientos de personas, entre ellos los integrantes de la Central Unitaria de Trabajadores (CUT) de Colombia y de diversas organizaciones sociales, se concentraron en la Plaza de Bol\u00edvar, la principal de Bogot\u00e1 y el pa\u00eds.<\/p>\n<p>Y aunque la convocatoria, respaldada por el movimiento pol\u00edtico oficial Pacto Hist\u00f3rico y sindicatos, fue para las 04:00 (hora local), en varias partes del pa\u00eds las movilizaciones, que fueron denominadas &#8216;El gran di\u00e1logo social&#8217;, comenzaron m\u00e1s temprano.<\/p>\n<p>Por la tarde, el presidente sali\u00f3 a hablarle a sus seguidores desde la Plaza de Armas de la Casa de Nari\u00f1o, sede del Gobierno central en Bogot\u00e1, para anunciar que las reformas que propone el Ejecutivo para que sean tratadas en el Congreso tendr\u00e1n tres ejes: el sistema de Salud, el sistema privado de Pensiones y la ley laboral 50, nacida en el \u00abneoliberalismo\u00bb.<\/p>\n<p>En ese sentido, agradeci\u00f3 y pidi\u00f3 el apoyo de la ciudadan\u00eda para que esas iniciativas se transformen en ley: \u00abEl cambio no es posible sin el pueblo. Lo que eligi\u00f3 la gente no es solamente a una persona. Fue devolver al pueblo poder, y eso tiene que expresarse en la realidad hist\u00f3rica, en los d\u00edas cotidianos\u00bb, dijo el mandatario colombiano.<\/p>\n<p>En Medell\u00edn, capital del departamento de Antioquia, los ciudadanos se comenzaron a movilizar desde las 10:00 de la ma\u00f1ana. La Asociaci\u00f3n de Institutores de Antioquia (ADIDA) convoc\u00f3 una concentraci\u00f3n en el Parque de las Luces y se espera un encuentro mayor en el parque de Los Deseos en la tarde.<\/p>\n<p>En Cali, capital del departamento del Valle del Cauca, por su parte, tambi\u00e9n comenzaron a marchar desde tempranas horas de la ma\u00f1ana.<\/p>\n<p>Entre los marchantes est\u00e1n los integrantes del Sindicato \u00danico de Trabajadores de la Educaci\u00f3n del Valle (Sutev). En esta urbe, las concentraciones se realizaron en la glorieta del Terminal (antiguo Ferrocarril) y en el sector de Puerto Rellena, y ambas culminar\u00e1n en el Parque de las Banderas.<\/p>\n<p>Otras de las ciudades capitales que se sumaron a las movilizaciones fueron Barranquilla, en el departamento del Atl\u00e1ntico; Bucaramanga, en Santander; Pereira, en Risaralda; Ibagu\u00e9, en Tolima; y Popay\u00e1n, en el Cauca.<\/p>\n<p>Tambi\u00e9n hay marchas en Florencia, Caquet\u00e1; en Quibd\u00f3, Choc\u00f3; en Monter\u00eda, C\u00f3rdoba; en Neiva, Huila; en Santa Marta, Magdalena; en Sincelejo, Sucre; y en Pasto, Nari\u00f1o.<\/p>\n<p>La reforma a la salud<\/p>\n<p>Una de las reformas a las que los marchantes dan su apoyo es a la de salud, que fue presentada por el Ejecutivo ante el Congreso colombiano el lunes.<\/p>\n<p>Previo a ser enviada al Parlamento, Petro la present\u00f3 a los colombianos en un acto en la Plaza de Armas de la Casa de Nari\u00f1o, sede del Ejecutivo.<\/p>\n<p>\u00abQueremos que el m\u00e9dico pueda ir a cualquier lugar del territorio nacional y atender a cualquier persona\u00bb, y que \u00ablos habitantes puedan ser atendidos de manera permanente por un equipo de salud de profesionales\u00bb en todo el pa\u00eds, dijo Petro al respecto.<\/p>\n<p>El mandatario ha insistido en que el objetivo es que la salud sea derecho universal en el pa\u00eds y no un negocio.<\/p>\n<p>El Ministerio de Salud inform\u00f3 que entre los puntos destacados de la reforma est\u00e1 la administraci\u00f3n de los recursos p\u00fablicos de manera transparente.<\/p>\n<p>Al respecto, se construir\u00e1 un sistema p\u00fablico de informaci\u00f3n en l\u00ednea para garantizar la transparencia en el manejo del dinero destinado a la salud. \u00abLos recursos de la salud son sagrados, son para el cuidado de la vida\u00bb, se\u00f1ala el Ministerio de Salud.<\/p>\n<p>La reforma plantea la modificaci\u00f3n de la Administradora de los Recursos del Sistema General de Seguridad Social en Salud (ADRES).<\/p>\n<p>En la actualidad, las Entidades Promotoras de Salud (EPS), que son responsables de la afiliaci\u00f3n y registro de los afiliados al sistema de salud p\u00fablico del pa\u00eds y se encargan de administrar los recursos de los trabajadores aportantes, act\u00faan como un intermediario entre la ADRES y los hospitales. Las EPS reportan los gastos de los centros m\u00e9dicos a la ADRES y esta desembolsa el dinero. Entonces, se busca eliminar un eslab\u00f3n de este proceso e implementar un tarifario a los costos de la atenci\u00f3n.<\/p>\n<p>Tambi\u00e9n destaca en el proyecto la atenci\u00f3n primaria en salud con prevenci\u00f3n y rehabilitaci\u00f3n en todo el territorio nacional. Para ello, se construir\u00e1 una red de centros de salud p\u00fablicos, privados y mixtos, y se volcar\u00e1 el cuidado en los lugares que fueron abandonados por d\u00e9cadas.<\/p>\n<p>Petro habl\u00f3 de la creaci\u00f3n de Centros de Atenci\u00f3n Primaria (CAP) y que cada colombiano deber\u00e1 afiliarse a uno. \u00abAll\u00ed podr\u00e1n ser atendidos o los m\u00e9dicos ir\u00e1n a tu casa para que seas atendido. Cuando se descubra la enfermedad, ah\u00ed si entraremos al segundo nivel\u00bb, mencion\u00f3.<\/p>\n<p>La reforma tambi\u00e9n plantea un r\u00e9gimen laboral especial que dignifique a los trabajadores de la salud que se encuentran precarizados.<\/p>\n<p>Asimismo, se incluye un elemento para que se dise\u00f1en pol\u00edticas p\u00fablicas y metas espec\u00edficas relacionadas a los factores que est\u00e1n afectando la salud de los colombianos.<\/p>\n<p>Otras reformas<\/p>\n<p>Adem\u00e1s de los cambios al sistema sanitario, Petro tambi\u00e9n planea presentar al Parlamento de Colombia una reforma al sistema de pensiones y otra laboral.<\/p>\n<p>Sobre la reforma pensional, en el mismo evento manifest\u00f3 que lo que se busca es que \u00abuna pensi\u00f3n le llegue a cualquier viejo y a cualquier vieja en cualquier lugar del territorio de Colombia\u00bb.<\/p>\n<p>Mientras que sobre la reforma laboral coment\u00f3 que el prop\u00f3sito es que \u00abcualquiera que vaya a pedir un puesto de trabajo, fundamentalmente una mujer, no le digan que es solo para tres meses \u2014si es que lo consigue\u2014 y que cada dos meses tenga que hacer pleites\u00edas y quedar vulnerable al acoso laboral o sexual\u00bb.<\/p>\n<p>\u00abLo que queremos es que ese contrato de trabajo sea indefinido y que pueda permitir dignidad laboral\u00bb, a\u00f1adi\u00f3.<\/p>\n<p>Ya el a\u00f1o pasado, el Congreso aprob\u00f3 la reforma tributaria del actual mandatario colombiano, que ya es ley.<\/p>\n<p>Luego de estas movilizaciones en apoyo al Gobierno de Petro, el mi\u00e9rcoles 15 de febrero es el turno de la oposici\u00f3n, que convoc\u00f3 marchas en rechazo a las reformas del mandatario izquierdista.<\/p>\n<p>Con informaci\u00f3n de Actualidad RT.<\/p>\n","protected":false},"excerpt":{"rendered":"<p>Miles de colombianos atendieron el llamado del presidente Gustavo Petro y salieron a las calles este martes a expresar el respaldo a su Gobierno y a las reformas sociales que plantea. \u00abHoy los espero a las 4:00 pm en la Plaza de Armas y la Plaza de Bol\u00edvar y en todas las plazas p\u00fablicas del [&hellip;]<\/p>\n","protected":false},"author":19,"featured_media":239446,"comment_status":"closed","ping_status":"closed","sticky":false,"template":"","format":"standard","meta":{"footnotes":""},"categories":[8],"tags":[],"class_list":{"0":"post-239445","1":"post","2":"type-post","3":"status-publish","4":"format-standard","5":"has-post-thumbnail","7":"category-internacionales"},"_links":{"self":[{"href":"https:\/\/elluchador.info\/index.php?rest_route=\/wp\/v2\/posts\/239445","targetHints":{"allow":["GET"]}}],"collection":[{"href":"https:\/\/elluchador.info\/index.php?rest_route=\/wp\/v2\/posts"}],"about":[{"href":"https:\/\/elluchador.info\/index.php?rest_route=\/wp\/v2\/types\/post"}],"author":[{"embeddable":true,"href":"https:\/\/elluchador.info\/index.php?rest_route=\/wp\/v2\/users\/19"}],"replies":[{"embeddable":true,"href":"https:\/\/elluchador.info\/index.php?rest_route=%2Fwp%2Fv2%2Fcomments&post=239445"}],"version-history":[{"count":1,"href":"https:\/\/elluchador.info\/index.php?rest_route=\/wp\/v2\/posts\/239445\/revisions"}],"predecessor-version":[{"id":239447,"href":"https:\/\/elluchador.info\/index.php?rest_route=\/wp\/v2\/posts\/239445\/revisions\/239447"}],"wp:featuredmedia":[{"embeddable":true,"href":"https:\/\/elluchador.info\/index.php?rest_route=\/wp\/v2\/media\/239446"}],"wp:attachment":[{"href":"https:\/\/elluchador.info\/index.php?rest_route=%2Fwp%2Fv2%2Fmedia&parent=239445"}],"wp:term":[{"taxonomy":"category","embeddable":true,"href":"https:\/\/elluchador.info\/index.php?rest_route=%2Fwp%2Fv2%2Fcategories&post=239445"},{"taxonomy":"post_tag","embeddable":true,"href":"https:\/\/elluchador.info\/index.php?rest_route=%2Fwp%2Fv2%2Ftags&post=239445"}],"curies":[{"name":"wp","href":"https:\/\/api.w.org\/{rel}","templated":true}]}}