{"id":239615,"date":"2023-02-16T19:17:01","date_gmt":"2023-02-16T23:17:01","guid":{"rendered":"https:\/\/elluchador.info\/web\/?p=239615"},"modified":"2023-02-16T19:17:01","modified_gmt":"2023-02-16T23:17:01","slug":"evaluan-aumentos-en-tarifas-de-cableoperadoras-y-telefonicas-en-venezuela","status":"publish","type":"post","link":"https:\/\/elluchador.info\/?p=239615","title":{"rendered":"Eval\u00faan aumentos en tarifas de cableoperadoras y telef\u00f3nicas en Venezuela"},"content":{"rendered":"<p>Debido a los constantes aumentos en tarifas y servicios de varias cableoperadoras y telef\u00f3nicas, la\u00a0Asamblea Nacional (AN), Conatel y el Ministerio de Comunicaci\u00f3n e Informaci\u00f3n\u00a0investigan este servicio.<\/p>\n<p>En ese sentido, el diputado a la\u00a0AN, Carlos Alem\u00e1n, inform\u00f3 que se conform\u00f3 una\u00a0comisi\u00f3n para realizar la evaluaci\u00f3n.<\/p>\n<p>La Comisi\u00f3n de Administraci\u00f3n y Servicio cre\u00f3 una comisi\u00f3n mixta que incluye al Poder Popular, Conatel y el Minci.\u00a0 La mesa de trabajo se instal\u00f3 la semana pasada, informaci\u00f3n que fue divulgada este jueves.<\/p>\n<p>Del mismo modo, el parlamentario record\u00f3, que la acci\u00f3n de control, seg\u00fan el art\u00edculo 187 numeral 3 del reglamento interno de debate, obliga a solicitar la comparecencia de estas instancias.<\/p>\n<p>\u00abPara que nos expliquen y les expliquen al pa\u00eds por qu\u00e9 esa distorsi\u00f3n; por qu\u00e9 esa variante. Qui\u00e9n autoriza esa variaci\u00f3n en los precios de manera permanente\u00bb, expres\u00f3.<\/p>\n<p>Diario 2001<\/p>\n","protected":false},"excerpt":{"rendered":"<p>Debido a los constantes aumentos en tarifas y servicios de varias cableoperadoras y telef\u00f3nicas, la\u00a0Asamblea Nacional (AN), Conatel y el Ministerio de Comunicaci\u00f3n e Informaci\u00f3n\u00a0investigan este servicio. En ese sentido, el diputado a la\u00a0AN, Carlos Alem\u00e1n, inform\u00f3 que se conform\u00f3 una\u00a0comisi\u00f3n para realizar la evaluaci\u00f3n. La Comisi\u00f3n de Administraci\u00f3n y Servicio cre\u00f3 una comisi\u00f3n mixta [&hellip;]<\/p>\n","protected":false},"author":19,"featured_media":239616,"comment_status":"closed","ping_status":"closed","sticky":false,"template":"","format":"standard","meta":{"footnotes":""},"categories":[9],"tags":[],"class_list":{"0":"post-239615","1":"post","2":"type-post","3":"status-publish","4":"format-standard","5":"has-post-thumbnail","7":"category-nacionales"},"_links":{"self":[{"href":"https:\/\/elluchador.info\/index.php?rest_route=\/wp\/v2\/posts\/239615","targetHints":{"allow":["GET"]}}],"collection":[{"href":"https:\/\/elluchador.info\/index.php?rest_route=\/wp\/v2\/posts"}],"about":[{"href":"https:\/\/elluchador.info\/index.php?rest_route=\/wp\/v2\/types\/post"}],"author":[{"embeddable":true,"href":"https:\/\/elluchador.info\/index.php?rest_route=\/wp\/v2\/users\/19"}],"replies":[{"embeddable":true,"href":"https:\/\/elluchador.info\/index.php?rest_route=%2Fwp%2Fv2%2Fcomments&post=239615"}],"version-history":[{"count":1,"href":"https:\/\/elluchador.info\/index.php?rest_route=\/wp\/v2\/posts\/239615\/revisions"}],"predecessor-version":[{"id":239617,"href":"https:\/\/elluchador.info\/index.php?rest_route=\/wp\/v2\/posts\/239615\/revisions\/239617"}],"wp:featuredmedia":[{"embeddable":true,"href":"https:\/\/elluchador.info\/index.php?rest_route=\/wp\/v2\/media\/239616"}],"wp:attachment":[{"href":"https:\/\/elluchador.info\/index.php?rest_route=%2Fwp%2Fv2%2Fmedia&parent=239615"}],"wp:term":[{"taxonomy":"category","embeddable":true,"href":"https:\/\/elluchador.info\/index.php?rest_route=%2Fwp%2Fv2%2Fcategories&post=239615"},{"taxonomy":"post_tag","embeddable":true,"href":"https:\/\/elluchador.info\/index.php?rest_route=%2Fwp%2Fv2%2Ftags&post=239615"}],"curies":[{"name":"wp","href":"https:\/\/api.w.org\/{rel}","templated":true}]}}