{"id":239656,"date":"2023-02-17T09:44:26","date_gmt":"2023-02-17T13:44:26","guid":{"rendered":"https:\/\/elluchador.info\/web\/?p=239656"},"modified":"2023-02-17T09:44:26","modified_gmt":"2023-02-17T13:44:26","slug":"11-venezolanos-entre-los-pasajeros-del-bus-que-dejo-41-muertos-en-panama","status":"publish","type":"post","link":"https:\/\/elluchador.info\/?p=239656","title":{"rendered":"11 venezolanos entre los pasajeros del bus que dej\u00f3 41 muertos en Panam\u00e1"},"content":{"rendered":"<p>Uno de los tres menores de entre 4 y 11 a\u00f1os que resultaron gravemente heridos en el accidente de un autob\u00fas con migrantes, que dej\u00f3 hasta ahora 41 muertos, falleci\u00f3 este jueves; informaron las autoridades.<\/p>\n<p>Sobre los pasajeros del bus, el Gobierno se limit\u00f3 este jueves a se\u00f1alar que viajaban 66 personas migrantes: 22 de Ecuador, 16 de Hait\u00ed, 11 de Venezuela, 6 de Brasil, 5 de Colombia, 2 de Camer\u00fan, 2 de Cuba, una de Nigeria y una de Eritrea. En total viajaban 20 menores de edad: 12 ni\u00f1os y 8 ni\u00f1as\u00bb.<\/p>\n<p>En un comunicado, el Ministerio de Salud (Minsa) dijo que el ni\u00f1o de 7 a\u00f1os falleci\u00f3 \u00aben horas de la tarde\u00bb en el hospital materno infantil Jos\u00e9 Domingo de Obald\u00eda; donde estaba recluido en la sala de cuidados intensivos \u00abya que presentaba politraumatismos\u00bb.<\/p>\n<p>\u00abLos equipos m\u00e9dicos multidisciplinarios contin\u00faan realizando ingentes esfuerzos en la atenci\u00f3n integral de los peque\u00f1os afectados por el siniestro ocurrido la madrugada del mi\u00e9rcoles en la v\u00eda pr\u00f3xima al albergue temporal para migrantes en Los Planes de Gualaca\u00ab; a\u00f1adi\u00f3 la misiva.<\/p>\n<p>Al hospital infantil Jos\u00e9 Domingo de Obald\u00eda, situado en David, capital de la provincia de Chiriqu\u00ed, fronteriza con Costa Rica, llegaron el mi\u00e9rcoles 10 menores: 5 ni\u00f1as y 5 ni\u00f1os.<\/p>\n<p>Otros menores hospitalizados \u00abse mantienen conscientes y orientados y son atendidos por un equipo multidisciplinario y especialistas en psicolog\u00eda que brindan apoyo desde diversas instituciones, aunado a traductores de idiomas como franc\u00e9s y portugu\u00e9s; de acuerdo con la informaci\u00f3n del Minsa.<\/p>\n<p>Los ni\u00f1os conscientes preguntan por sus padres<\/p>\n<p>\u00abLos ni\u00f1os que est\u00e1n conscientes ya preguntan por sus familiares, sus padres, \u2018d\u00f3nde est\u00e1n&#8217;\u00bb, dijo a la cadena local TVN el doctor Johnny Iv\u00e1n Parra, director m\u00e9dico del Hospital Materno Infantil Jos\u00e9 Domingo De Obald\u00ed; quien agreg\u00f3 desde el mi\u00e9rcoles un equipo de salud mental de psic\u00f3logos est\u00e1 con los infantes.<\/p>\n<p>Parra indic\u00f3 que desde Cuba, Ecuador, Colombia y Brasil han estado solicitando informaci\u00f3n sobre las identidades de las v\u00edctimas y heridos, y se les ha respondido que \u00abno tenemos, pues son ni\u00f1os que trajeron en ambulancias; sin acompa\u00f1antes, sin familiar y sin documentos, solamente llegaba el ni\u00f1o\u00ab.<\/p>\n<p>\u00abEntonces hoy estamos procediendo a traer la documentaci\u00f3n que mantiene Migraci\u00f3n; hacer la respectiva identificaci\u00f3n con apoyos de traductores que nos ha ofrecido la Universidad Aut\u00f3noma de Chiriqu\u00ed, para el franc\u00e9s y el portugu\u00e9s\u00ab, a\u00f1adi\u00f3 Parra.<\/p>\n<p>En otro hospital de David se encontraban 22 heridos, 10 pacientes en sala de cirug\u00eda, 3 en sala de ortopedia, 8 en Unidades de Cuidados Intensivos y 1 en observaci\u00f3n en el cuarto de urgencias, inform\u00f3 este jueves por su parte un comunicado del Gobierno.<\/p>\n<p>Con informaci\u00f3n de EFE<\/p>\n","protected":false},"excerpt":{"rendered":"<p>Uno de los tres menores de entre 4 y 11 a\u00f1os que resultaron gravemente heridos en el accidente de un autob\u00fas con migrantes, que dej\u00f3 hasta ahora 41 muertos, falleci\u00f3 este jueves; informaron las autoridades. Sobre los pasajeros del bus, el Gobierno se limit\u00f3 este jueves a se\u00f1alar que viajaban 66 personas migrantes: 22 de [&hellip;]<\/p>\n","protected":false},"author":19,"featured_media":239657,"comment_status":"closed","ping_status":"closed","sticky":false,"template":"","format":"standard","meta":{"footnotes":""},"categories":[8],"tags":[],"class_list":{"0":"post-239656","1":"post","2":"type-post","3":"status-publish","4":"format-standard","5":"has-post-thumbnail","7":"category-internacionales"},"_links":{"self":[{"href":"https:\/\/elluchador.info\/index.php?rest_route=\/wp\/v2\/posts\/239656","targetHints":{"allow":["GET"]}}],"collection":[{"href":"https:\/\/elluchador.info\/index.php?rest_route=\/wp\/v2\/posts"}],"about":[{"href":"https:\/\/elluchador.info\/index.php?rest_route=\/wp\/v2\/types\/post"}],"author":[{"embeddable":true,"href":"https:\/\/elluchador.info\/index.php?rest_route=\/wp\/v2\/users\/19"}],"replies":[{"embeddable":true,"href":"https:\/\/elluchador.info\/index.php?rest_route=%2Fwp%2Fv2%2Fcomments&post=239656"}],"version-history":[{"count":1,"href":"https:\/\/elluchador.info\/index.php?rest_route=\/wp\/v2\/posts\/239656\/revisions"}],"predecessor-version":[{"id":239658,"href":"https:\/\/elluchador.info\/index.php?rest_route=\/wp\/v2\/posts\/239656\/revisions\/239658"}],"wp:featuredmedia":[{"embeddable":true,"href":"https:\/\/elluchador.info\/index.php?rest_route=\/wp\/v2\/media\/239657"}],"wp:attachment":[{"href":"https:\/\/elluchador.info\/index.php?rest_route=%2Fwp%2Fv2%2Fmedia&parent=239656"}],"wp:term":[{"taxonomy":"category","embeddable":true,"href":"https:\/\/elluchador.info\/index.php?rest_route=%2Fwp%2Fv2%2Fcategories&post=239656"},{"taxonomy":"post_tag","embeddable":true,"href":"https:\/\/elluchador.info\/index.php?rest_route=%2Fwp%2Fv2%2Ftags&post=239656"}],"curies":[{"name":"wp","href":"https:\/\/api.w.org\/{rel}","templated":true}]}}