{"id":239670,"date":"2023-02-17T10:49:01","date_gmt":"2023-02-17T14:49:01","guid":{"rendered":"https:\/\/elluchador.info\/web\/?p=239670"},"modified":"2023-02-17T10:49:01","modified_gmt":"2023-02-17T14:49:01","slug":"pago-de-pensiones-del-mes-de-marzo-2023","status":"publish","type":"post","link":"https:\/\/elluchador.info\/?p=239670","title":{"rendered":"Pago de pensiones del mes de marzo 2023"},"content":{"rendered":"<p>El Instituto Venezolano de los Seguros Sociales (IVSS), inform\u00f3 que este 17 de febrero ser\u00e1 depositada la pensi\u00f3n.<\/p>\n<p>En un mensaje publicado en las redes sociales, el IVSS indic\u00f3 que el monto a cancelar es el correspondiente al mes de marzo con base al salario m\u00ednimo establecido en Gaceta Oficial.<\/p>\n<blockquote class=\"twitter-tweet\" data-width=\"550\" data-dnt=\"true\">\n<p lang=\"es\" dir=\"ltr\">El <a href=\"https:\/\/twitter.com\/hashtag\/ivss?src=hash&amp;ref_src=twsrc%5Etfw\">#ivss<\/a> informa a todas y todos los pensionados de la Patria, que HOY VIERNES <a href=\"https:\/\/twitter.com\/hashtag\/17Feb?src=hash&amp;ref_src=twsrc%5Etfw\">#17Feb<\/a> estar\u00e1 siendo abonado a sus cuentas, el monto correspondiente al MES DE MARZO con base al salario m\u00ednimo establecido en Gaceta Oficial. <a href=\"https:\/\/twitter.com\/hashtag\/PorUnSeguroM%C3%A1sSocial?src=hash&amp;ref_src=twsrc%5Etfw\">#PorUnSeguroM\u00e1sSocial<\/a> <a href=\"https:\/\/twitter.com\/MagaGutierrezV?ref_src=twsrc%5Etfw\">@MagaGutierrezV<\/a> <a href=\"https:\/\/twitter.com\/NicolasMaduro?ref_src=twsrc%5Etfw\">@NicolasMaduro<\/a> <a href=\"https:\/\/t.co\/NjIFB0vaXy\">pic.twitter.com\/NjIFB0vaXy<\/a><\/p>\n<p>&mdash; Instituto Venezolano de los Seguros Sociales (@Somosivss) <a href=\"https:\/\/twitter.com\/Somosivss\/status\/1626535666271019011?ref_src=twsrc%5Etfw\">February 17, 2023<\/a><\/p><\/blockquote>\n<p><script async src=\"https:\/\/platform.twitter.com\/widgets.js\" charset=\"utf-8\"><\/script><\/p>\n<p>Ya algunos bancos en sus redes sociales informan que \u201cya se encuentra disponible en tu cuenta el abono de la pensi\u00f3n correspondiente al mes de marzo 2023\u201d.<\/p>\n<p>Con informaci\u00f3n de Uni\u00f3n Radio<\/p>\n","protected":false},"excerpt":{"rendered":"<p>El Instituto Venezolano de los Seguros Sociales (IVSS), inform\u00f3 que este 17 de febrero ser\u00e1 depositada la pensi\u00f3n. En un mensaje publicado en las redes sociales, el IVSS indic\u00f3 que el monto a cancelar es el correspondiente al mes de marzo con base al salario m\u00ednimo establecido en Gaceta Oficial. El #ivss informa a todas [&hellip;]<\/p>\n","protected":false},"author":19,"featured_media":239671,"comment_status":"closed","ping_status":"closed","sticky":false,"template":"","format":"standard","meta":{"footnotes":""},"categories":[6],"tags":[],"class_list":{"0":"post-239670","1":"post","2":"type-post","3":"status-publish","4":"format-standard","5":"has-post-thumbnail","7":"category-economia"},"_links":{"self":[{"href":"https:\/\/elluchador.info\/index.php?rest_route=\/wp\/v2\/posts\/239670","targetHints":{"allow":["GET"]}}],"collection":[{"href":"https:\/\/elluchador.info\/index.php?rest_route=\/wp\/v2\/posts"}],"about":[{"href":"https:\/\/elluchador.info\/index.php?rest_route=\/wp\/v2\/types\/post"}],"author":[{"embeddable":true,"href":"https:\/\/elluchador.info\/index.php?rest_route=\/wp\/v2\/users\/19"}],"replies":[{"embeddable":true,"href":"https:\/\/elluchador.info\/index.php?rest_route=%2Fwp%2Fv2%2Fcomments&post=239670"}],"version-history":[{"count":1,"href":"https:\/\/elluchador.info\/index.php?rest_route=\/wp\/v2\/posts\/239670\/revisions"}],"predecessor-version":[{"id":239672,"href":"https:\/\/elluchador.info\/index.php?rest_route=\/wp\/v2\/posts\/239670\/revisions\/239672"}],"wp:featuredmedia":[{"embeddable":true,"href":"https:\/\/elluchador.info\/index.php?rest_route=\/wp\/v2\/media\/239671"}],"wp:attachment":[{"href":"https:\/\/elluchador.info\/index.php?rest_route=%2Fwp%2Fv2%2Fmedia&parent=239670"}],"wp:term":[{"taxonomy":"category","embeddable":true,"href":"https:\/\/elluchador.info\/index.php?rest_route=%2Fwp%2Fv2%2Fcategories&post=239670"},{"taxonomy":"post_tag","embeddable":true,"href":"https:\/\/elluchador.info\/index.php?rest_route=%2Fwp%2Fv2%2Ftags&post=239670"}],"curies":[{"name":"wp","href":"https:\/\/api.w.org\/{rel}","templated":true}]}}