{"id":239679,"date":"2023-02-17T11:27:57","date_gmt":"2023-02-17T15:27:57","guid":{"rendered":"https:\/\/elluchador.info\/web\/?p=239679"},"modified":"2023-02-17T11:27:57","modified_gmt":"2023-02-17T15:27:57","slug":"fuerza-de-tarea-humanitaria-simon-bolivar-arriba-al-pais-tras-labores-en-turquia-y-siria","status":"publish","type":"post","link":"https:\/\/elluchador.info\/?p=239679","title":{"rendered":"Fuerza de Tarea Humanitaria Sim\u00f3n Bol\u00edvar arriba al pa\u00eds tras labores en Turqu\u00eda y Siria"},"content":{"rendered":"<p>Luego de arribar en el Aeropuerto Internacional de Maiquet\u00eda, en La Guaira, Venezuela recibe con una calurosa bienvenida al equipo de la Fuerza Humanitaria Sim\u00f3n Bol\u00edvar que realiz\u00f3 tareas de b\u00fasqueda y rescate en Turqu\u00eda y Siria.<\/p>\n<p>El trabajo del grupo fue reconocido por el Gobierno Bolivariano. En el acto asistieron la representaci\u00f3n del Sistema Nacional de Riesgo, y el embajador de Turqu\u00eda en Venezuela, Aydan Karamano\u011flu.<\/p>\n<p>Al respecto, el canciller Yvan Gil, expres\u00f3: \u201cDamos una c\u00e1lida bienvenida a nuestra Fuerza de Tarea Humanitaria Sim\u00f3n Bol\u00edvar, hombres y mujeres que con su vocaci\u00f3n de servicio y humanismo, lograron contribuir con \u00e9xito con el bienestar y atenci\u00f3n del pueblo de T\u00fcrkiye\u201d.<\/p>\n<p>Los Integrantes de la Fuerza de Tarea recibieron por parte de la comunidad siria un reconocimiento por las actividades de b\u00fasqueda y rescate, que operan en el pa\u00eds del Medio Oriente. Durante 10 d\u00edas, la Fuerza efectu\u00f3 las correspondientes labores de rescate en los pa\u00edses afectados.<\/p>\n<p>Con informaci\u00f3n de www.vtv.gob.ve<\/p>\n","protected":false},"excerpt":{"rendered":"<p>Luego de arribar en el Aeropuerto Internacional de Maiquet\u00eda, en La Guaira, Venezuela recibe con una calurosa bienvenida al equipo de la Fuerza Humanitaria Sim\u00f3n Bol\u00edvar que realiz\u00f3 tareas de b\u00fasqueda y rescate en Turqu\u00eda y Siria. El trabajo del grupo fue reconocido por el Gobierno Bolivariano. En el acto asistieron la representaci\u00f3n del Sistema [&hellip;]<\/p>\n","protected":false},"author":19,"featured_media":239680,"comment_status":"closed","ping_status":"closed","sticky":false,"template":"","format":"standard","meta":{"footnotes":""},"categories":[9],"tags":[],"class_list":{"0":"post-239679","1":"post","2":"type-post","3":"status-publish","4":"format-standard","5":"has-post-thumbnail","7":"category-nacionales"},"_links":{"self":[{"href":"https:\/\/elluchador.info\/index.php?rest_route=\/wp\/v2\/posts\/239679","targetHints":{"allow":["GET"]}}],"collection":[{"href":"https:\/\/elluchador.info\/index.php?rest_route=\/wp\/v2\/posts"}],"about":[{"href":"https:\/\/elluchador.info\/index.php?rest_route=\/wp\/v2\/types\/post"}],"author":[{"embeddable":true,"href":"https:\/\/elluchador.info\/index.php?rest_route=\/wp\/v2\/users\/19"}],"replies":[{"embeddable":true,"href":"https:\/\/elluchador.info\/index.php?rest_route=%2Fwp%2Fv2%2Fcomments&post=239679"}],"version-history":[{"count":1,"href":"https:\/\/elluchador.info\/index.php?rest_route=\/wp\/v2\/posts\/239679\/revisions"}],"predecessor-version":[{"id":239681,"href":"https:\/\/elluchador.info\/index.php?rest_route=\/wp\/v2\/posts\/239679\/revisions\/239681"}],"wp:featuredmedia":[{"embeddable":true,"href":"https:\/\/elluchador.info\/index.php?rest_route=\/wp\/v2\/media\/239680"}],"wp:attachment":[{"href":"https:\/\/elluchador.info\/index.php?rest_route=%2Fwp%2Fv2%2Fmedia&parent=239679"}],"wp:term":[{"taxonomy":"category","embeddable":true,"href":"https:\/\/elluchador.info\/index.php?rest_route=%2Fwp%2Fv2%2Fcategories&post=239679"},{"taxonomy":"post_tag","embeddable":true,"href":"https:\/\/elluchador.info\/index.php?rest_route=%2Fwp%2Fv2%2Ftags&post=239679"}],"curies":[{"name":"wp","href":"https:\/\/api.w.org\/{rel}","templated":true}]}}