{"id":239692,"date":"2023-02-17T13:04:43","date_gmt":"2023-02-17T17:04:43","guid":{"rendered":"https:\/\/elluchador.info\/web\/?p=239692"},"modified":"2023-02-17T13:04:43","modified_gmt":"2023-02-17T17:04:43","slug":"colombia-y-venezuela-abriran-paso-vehicular-de-todas-las-fronteras-durante-30-dias","status":"publish","type":"post","link":"https:\/\/elluchador.info\/?p=239692","title":{"rendered":"Colombia y Venezuela abrir\u00e1n paso vehicular de todas las fronteras durante 30 d\u00edas"},"content":{"rendered":"<p>Despu\u00e9s de la cumbre entre el presidente de Venezuela, Nicol\u00e1s Maduro, y su hom\u00f3logo, Gustavo Petro, se acord\u00f3 abrir todas las fronteras entre ambos pa\u00edses por 30 d\u00edas. De acuerdo con esta decisi\u00f3n, la medida se aplicar\u00e1 inicialmente en los puentes internacionales Sim\u00f3n Bol\u00edvar y Francisco de Paula Santander.<\/p>\n<p>Ambas autoridades afirmaron que esta ser\u00e1 una prueba piloto y que durante ese tiempo podr\u00e1n movilizarse los veh\u00edculos particulares y de servicio p\u00fablico.<\/p>\n<p>La medida empezar\u00e1 a regir desde la noche del 16 de febrero para que, desde tempranas horas del jueves 17, circule todo el parque automotor a ambos lados de la frontera.<\/p>\n<p>La determinaci\u00f3n hace parte de la firma del Acuerdo de Alcance Parcial de Naturaleza Comercial #28, que ahonda en el marco jur\u00eddico que permite el afianzamiento de la integraci\u00f3n para el desarrollo comercial entre los dos pa\u00edses.<\/p>\n<p>El presidente de Colombia indic\u00f3 que las relaciones comerciales entre ambos pa\u00edses no debieron cerrarse, por lo que la firma de ese documento consolida un paso m\u00e1s en la integraci\u00f3n tanto de Colombia y Venezuela, como del resto de Am\u00e9rica Latina.<\/p>\n<p>Por su parte, Maduro propuso al jefe de Estado colombiano la creaci\u00f3n de un equipo econ\u00f3mico conformado por los gobernadores de Norte de Santander y T\u00e1chira que permita la instalaci\u00f3n de una zona econ\u00f3mica.<\/p>\n<p>\u00abEse ser\u00eda el primer gran paso para unir la inmensa riqueza y fuerza econ\u00f3mica que tiene la frontera entre Colombia y Venezuela\u201d, expres\u00f3.<\/p>\n<p>El denominado \u201cAcuerdo de Alcance Parcial de Naturaleza Comercial #28\u201d establece, como primera medida, la inclusi\u00f3n y la exclusi\u00f3n de productos, y la modificaci\u00f3n de los niveles de preferencias otorgados.<\/p>\n<p>Con informaci\u00f3n de Infobae.<\/p>\n","protected":false},"excerpt":{"rendered":"<p>Despu\u00e9s de la cumbre entre el presidente de Venezuela, Nicol\u00e1s Maduro, y su hom\u00f3logo, Gustavo Petro, se acord\u00f3 abrir todas las fronteras entre ambos pa\u00edses por 30 d\u00edas. De acuerdo con esta decisi\u00f3n, la medida se aplicar\u00e1 inicialmente en los puentes internacionales Sim\u00f3n Bol\u00edvar y Francisco de Paula Santander. Ambas autoridades afirmaron que esta ser\u00e1 [&hellip;]<\/p>\n","protected":false},"author":19,"featured_media":239693,"comment_status":"closed","ping_status":"closed","sticky":false,"template":"","format":"standard","meta":{"footnotes":""},"categories":[9],"tags":[],"class_list":{"0":"post-239692","1":"post","2":"type-post","3":"status-publish","4":"format-standard","5":"has-post-thumbnail","7":"category-nacionales"},"_links":{"self":[{"href":"https:\/\/elluchador.info\/index.php?rest_route=\/wp\/v2\/posts\/239692","targetHints":{"allow":["GET"]}}],"collection":[{"href":"https:\/\/elluchador.info\/index.php?rest_route=\/wp\/v2\/posts"}],"about":[{"href":"https:\/\/elluchador.info\/index.php?rest_route=\/wp\/v2\/types\/post"}],"author":[{"embeddable":true,"href":"https:\/\/elluchador.info\/index.php?rest_route=\/wp\/v2\/users\/19"}],"replies":[{"embeddable":true,"href":"https:\/\/elluchador.info\/index.php?rest_route=%2Fwp%2Fv2%2Fcomments&post=239692"}],"version-history":[{"count":1,"href":"https:\/\/elluchador.info\/index.php?rest_route=\/wp\/v2\/posts\/239692\/revisions"}],"predecessor-version":[{"id":239694,"href":"https:\/\/elluchador.info\/index.php?rest_route=\/wp\/v2\/posts\/239692\/revisions\/239694"}],"wp:featuredmedia":[{"embeddable":true,"href":"https:\/\/elluchador.info\/index.php?rest_route=\/wp\/v2\/media\/239693"}],"wp:attachment":[{"href":"https:\/\/elluchador.info\/index.php?rest_route=%2Fwp%2Fv2%2Fmedia&parent=239692"}],"wp:term":[{"taxonomy":"category","embeddable":true,"href":"https:\/\/elluchador.info\/index.php?rest_route=%2Fwp%2Fv2%2Fcategories&post=239692"},{"taxonomy":"post_tag","embeddable":true,"href":"https:\/\/elluchador.info\/index.php?rest_route=%2Fwp%2Fv2%2Ftags&post=239692"}],"curies":[{"name":"wp","href":"https:\/\/api.w.org\/{rel}","templated":true}]}}