{"id":239758,"date":"2023-02-17T18:49:54","date_gmt":"2023-02-17T22:49:54","guid":{"rendered":"https:\/\/elluchador.info\/web\/?p=239758"},"modified":"2023-02-17T18:49:54","modified_gmt":"2023-02-17T22:49:54","slug":"comision-de-politica-interior-evalua-situacion-de-centros-de-reclusion-en-el-pais","status":"publish","type":"post","link":"https:\/\/elluchador.info\/?p=239758","title":{"rendered":"Comisi\u00f3n de Pol\u00edtica Interior eval\u00faa situaci\u00f3n de centros de reclusi\u00f3n en el pa\u00eds"},"content":{"rendered":"<p>La Comisi\u00f3n Permanente de Pol\u00edtica Interior de la Asamblea Nacional (AN) acord\u00f3 visitar, en compa\u00f1\u00eda de representantes de las dependencias adscritas al Sistema de Justicia, los centros de reclusi\u00f3n del \u00c1rea Metropolitana de Caracas, en el marco del inicio del impulso del Servicio Penitenciario del pa\u00eds.<\/p>\n<p>As\u00ed lo inform\u00f3 el presidente de la instancia parlamentaria, diputado Pedro Carre\u00f1o, quien explic\u00f3 que el prop\u00f3sito de estas visitas es evaluar la situaci\u00f3n de los privados de libertad.<\/p>\n<p>Con el objetivo de agilizar los casos que correspondan y \u201catacar la corrupci\u00f3n junto al equipo multidisciplinario del Sistema de Justicia\u201d.<\/p>\n<p>Se\u00f1al\u00f3 que participar\u00e1n funcionarios del Ministerio P\u00fablico (MP), la Defensa P\u00fablica, el Tribunal Supremo de Justicia (TSJ) y la Defensor\u00eda del Pueblo. Del mismo modo, la asistencia de diputados y dem\u00e1s instituciones del sector.<\/p>\n<p>Indic\u00f3 que iniciar\u00e1n el despliegue en el Centro de Coordinaci\u00f3n de la Polic\u00eda Nacional Bolivariana (PNB), conocido como Zona 7, ubicado en Bole\u00edta.<\/p>\n<p>Adem\u00e1s, en la Divisi\u00f3n de B\u00fasqueda y Captura del Cuerpo de Investigaciones Cient\u00edficas, Penales y Criminal\u00edsticas (Cicpc) de Parque Carabobo; y en la sede de la PNB de San Agust\u00edn.<\/p>\n<p>Diario 2001<\/p>\n","protected":false},"excerpt":{"rendered":"<p>La Comisi\u00f3n Permanente de Pol\u00edtica Interior de la Asamblea Nacional (AN) acord\u00f3 visitar, en compa\u00f1\u00eda de representantes de las dependencias adscritas al Sistema de Justicia, los centros de reclusi\u00f3n del \u00c1rea Metropolitana de Caracas, en el marco del inicio del impulso del Servicio Penitenciario del pa\u00eds. As\u00ed lo inform\u00f3 el presidente de la instancia parlamentaria, [&hellip;]<\/p>\n","protected":false},"author":19,"featured_media":239759,"comment_status":"closed","ping_status":"closed","sticky":false,"template":"","format":"standard","meta":{"footnotes":""},"categories":[9],"tags":[],"class_list":{"0":"post-239758","1":"post","2":"type-post","3":"status-publish","4":"format-standard","5":"has-post-thumbnail","7":"category-nacionales"},"_links":{"self":[{"href":"https:\/\/elluchador.info\/index.php?rest_route=\/wp\/v2\/posts\/239758","targetHints":{"allow":["GET"]}}],"collection":[{"href":"https:\/\/elluchador.info\/index.php?rest_route=\/wp\/v2\/posts"}],"about":[{"href":"https:\/\/elluchador.info\/index.php?rest_route=\/wp\/v2\/types\/post"}],"author":[{"embeddable":true,"href":"https:\/\/elluchador.info\/index.php?rest_route=\/wp\/v2\/users\/19"}],"replies":[{"embeddable":true,"href":"https:\/\/elluchador.info\/index.php?rest_route=%2Fwp%2Fv2%2Fcomments&post=239758"}],"version-history":[{"count":1,"href":"https:\/\/elluchador.info\/index.php?rest_route=\/wp\/v2\/posts\/239758\/revisions"}],"predecessor-version":[{"id":239760,"href":"https:\/\/elluchador.info\/index.php?rest_route=\/wp\/v2\/posts\/239758\/revisions\/239760"}],"wp:featuredmedia":[{"embeddable":true,"href":"https:\/\/elluchador.info\/index.php?rest_route=\/wp\/v2\/media\/239759"}],"wp:attachment":[{"href":"https:\/\/elluchador.info\/index.php?rest_route=%2Fwp%2Fv2%2Fmedia&parent=239758"}],"wp:term":[{"taxonomy":"category","embeddable":true,"href":"https:\/\/elluchador.info\/index.php?rest_route=%2Fwp%2Fv2%2Fcategories&post=239758"},{"taxonomy":"post_tag","embeddable":true,"href":"https:\/\/elluchador.info\/index.php?rest_route=%2Fwp%2Fv2%2Ftags&post=239758"}],"curies":[{"name":"wp","href":"https:\/\/api.w.org\/{rel}","templated":true}]}}