{"id":239787,"date":"2023-02-20T08:34:38","date_gmt":"2023-02-20T12:34:38","guid":{"rendered":"https:\/\/elluchador.info\/web\/?p=239787"},"modified":"2023-02-20T08:41:24","modified_gmt":"2023-02-20T12:41:24","slug":"calle-la-esperanza-se-hunde-progresivamente","status":"publish","type":"post","link":"https:\/\/elluchador.info\/?p=239787","title":{"rendered":"Calle La Esperanza se hunde progresivamente"},"content":{"rendered":"<p>En la comunidad del Mereyal perteneciente a la parroquia Catedral de Ciudad Bol\u00edvar, se encuentra la calle La Esperanza , la cual est\u00e1 hundi\u00e9ndose aceleradamente y cada d\u00eda est\u00e1 en peores condiciones.<\/p>\n<p>As\u00ed lo reportaron vecinos de esta comunidad mencionada, quienes expresaron sentirse preocupados, por la situaci\u00f3n de la calle, donde se est\u00e1 creando un hueco que puede convertirse en una c\u00e1rcava, as\u00ed lo evidencia la imagen como prueba de la situaci\u00f3n que tienen los vecinos.<\/p>\n<p>Cheo Rojas, Manuel Guti\u00e9rrez, Jes\u00fas Santoyo, Hugo Hern\u00e1ndez, Junior Espinoza y las se\u00f1oras Adelaida, Escarly y el Sr. Nicol\u00e1s son los m\u00e1s afectados de esa comunidad, quienes hicieron un llamado a los entes gubernamentales para que les apoyen en solucionar est\u00e1 problem\u00e1tica que actualmente existe en el sector.<\/p>\n<p>Noel Galito dirigente vecinal de la parroquia manifest\u00f3 que esto puede empeorar y traer otras consecuencias. Tambi\u00e9n pidi\u00f3 a los gobernantes que ayuden a solventar el problema que tienen sus vecinos, en la calle La Esperanza. \u00abLos vecinos est\u00e1n como el nombre de la calle, con la esperanza de que arreglen el problema de la calle, as\u00ed como otras necesidades urgentes que tiene la comunidad del Mereyal\u00bb, resalt\u00f3.<\/p>\n<p>Yanitza Mart\u00ednez.<\/p>\n","protected":false},"excerpt":{"rendered":"<p>En la comunidad del Mereyal perteneciente a la parroquia Catedral de Ciudad Bol\u00edvar, se encuentra la calle La Esperanza , la cual est\u00e1 hundi\u00e9ndose aceleradamente y cada d\u00eda est\u00e1 en peores condiciones. As\u00ed lo reportaron vecinos de esta comunidad mencionada, quienes expresaron sentirse preocupados, por la situaci\u00f3n de la calle, donde se est\u00e1 creando un [&hellip;]<\/p>\n","protected":false},"author":19,"featured_media":239788,"comment_status":"closed","ping_status":"closed","sticky":false,"template":"","format":"standard","meta":{"footnotes":""},"categories":[2],"tags":[],"class_list":{"0":"post-239787","1":"post","2":"type-post","3":"status-publish","4":"format-standard","5":"has-post-thumbnail","7":"category-comunidad"},"_links":{"self":[{"href":"https:\/\/elluchador.info\/index.php?rest_route=\/wp\/v2\/posts\/239787","targetHints":{"allow":["GET"]}}],"collection":[{"href":"https:\/\/elluchador.info\/index.php?rest_route=\/wp\/v2\/posts"}],"about":[{"href":"https:\/\/elluchador.info\/index.php?rest_route=\/wp\/v2\/types\/post"}],"author":[{"embeddable":true,"href":"https:\/\/elluchador.info\/index.php?rest_route=\/wp\/v2\/users\/19"}],"replies":[{"embeddable":true,"href":"https:\/\/elluchador.info\/index.php?rest_route=%2Fwp%2Fv2%2Fcomments&post=239787"}],"version-history":[{"count":3,"href":"https:\/\/elluchador.info\/index.php?rest_route=\/wp\/v2\/posts\/239787\/revisions"}],"predecessor-version":[{"id":239792,"href":"https:\/\/elluchador.info\/index.php?rest_route=\/wp\/v2\/posts\/239787\/revisions\/239792"}],"wp:featuredmedia":[{"embeddable":true,"href":"https:\/\/elluchador.info\/index.php?rest_route=\/wp\/v2\/media\/239788"}],"wp:attachment":[{"href":"https:\/\/elluchador.info\/index.php?rest_route=%2Fwp%2Fv2%2Fmedia&parent=239787"}],"wp:term":[{"taxonomy":"category","embeddable":true,"href":"https:\/\/elluchador.info\/index.php?rest_route=%2Fwp%2Fv2%2Fcategories&post=239787"},{"taxonomy":"post_tag","embeddable":true,"href":"https:\/\/elluchador.info\/index.php?rest_route=%2Fwp%2Fv2%2Ftags&post=239787"}],"curies":[{"name":"wp","href":"https:\/\/api.w.org\/{rel}","templated":true}]}}