{"id":239948,"date":"2023-02-22T19:18:01","date_gmt":"2023-02-22T23:18:01","guid":{"rendered":"https:\/\/elluchador.info\/web\/?p=239948"},"modified":"2023-02-22T19:18:01","modified_gmt":"2023-02-22T23:18:01","slug":"diagnostico-precoz-crucial-para-los-pacientes-de-encefalitis","status":"publish","type":"post","link":"https:\/\/elluchador.info\/?p=239948","title":{"rendered":"Diagn\u00f3stico precoz, crucial para los pacientes de encefalitis"},"content":{"rendered":"<p>La\u00a0<strong>encefalitis\u00a0<\/strong>corresponde a la\u00a0<strong>inflamaci\u00f3n del tejido cerebral\u00a0<\/strong>(si la inflamaci\u00f3n tambi\u00e9n afecta a las meninges se denomina meningoencefalitis) yse trata de una enfermedad que deja<strong>\u00a0secuelas\u00a0<\/strong>en m\u00e1s de un\u00a0<strong>20%<\/strong>\u00a0de las personas que logran sobrevivir, por lo que un diagn\u00f3stico precoz es crucial.<\/p>\n<p>El \u00edndice de mortalidad en Espa\u00f1a est\u00e1 entre un<strong>\u00a05\u00a0<\/strong>y un\u00a0<strong>20%<\/strong>\u00a0de las personas que padecen encefalitis. Cada a\u00f1o se diagnostican unos<em>\u00a0<\/em><strong>1.200 casos nuevos<\/strong>, seg\u00fan los datos de la\u00a0<strong>Sociedad Espa\u00f1ola de Neurolog\u00eda (SEN)<\/strong>.<\/p>\n<h2>\u00bfCu\u00e1les son los s\u00edntomas de la encefalitis?<\/h2>\n<p>La\u00a0<strong>doctora Marta Guill\u00e1n<\/strong>,\u00a0<strong>secretaria del grupo de estudio de Neurolog\u00eda Cr\u00edtica e Intensivista de la SEN<\/strong>, indica que las manifestaciones cl\u00ednicas de la encefalitis son variadas, pero se\u00f1ala algunos de los\u00a0<strong>s\u00edntomas m\u00e1s habituales<\/strong>:<\/p>\n<ul>\n<li><strong>Presencia de fiebre<\/strong>.<\/li>\n<li><strong>Dolor de cabeza<\/strong>.<\/li>\n<li><strong>Aparici\u00f3n brusca de somnolencia<\/strong>.<\/li>\n<li><strong>Alteraciones del comportamiento<\/strong>.<\/li>\n<li><strong>Desorientaci\u00f3n<\/strong>.<\/li>\n<li><strong>Trastornos del lenguaje<\/strong>.<\/li>\n<li><strong>Crisis convulsivas<\/strong>.<\/li>\n<\/ul>\n<p>\u201cLa encefalitis es una enfermedad muy grave, con un alto \u00edndice de mortalidad y que puede causar secuelas neurol\u00f3gicas importantes. Por esa raz\u00f3n, ante la sospecha de que se est\u00e9 padeciendo una encefalitis, se debe acudir con urgencia a un centro hospitalario\u201d, subraya la experta.<\/p>\n<h2>\u00bfC\u00f3mo se origina esta enfermedad?<\/h2>\n<p>La encefalitis se produce por\u00a0<strong>causas<\/strong>\u00a0muy diversas, entre ellas:<\/p>\n<div class=\"wp-block-image\">\n<figure class=\"alignright size-large is-resized\"><img loading=\"lazy\" decoding=\"async\" class=\"wp-image-207408 lazyautosizes lazyloaded\" style=\"box-sizing: border-box; height: auto; max-width: 100%; border-style: none; vertical-align: bottom; transition: all 0.3s ease-out 0s; display: inline-block; margin-bottom: 5px !important;\" src=\"https:\/\/efesalud.com\/wp-content\/uploads\/2021\/10\/318646-1-713x1024.jpg\" sizes=\"auto, 391px\" srcset=\"https:\/\/efesalud.com\/wp-content\/uploads\/2021\/10\/318646-1-713x1024.jpg 713w, https:\/\/efesalud.com\/wp-content\/uploads\/2021\/10\/318646-1-209x300.jpg 209w, https:\/\/efesalud.com\/wp-content\/uploads\/2021\/10\/318646-1-768x1103.jpg 768w, https:\/\/efesalud.com\/wp-content\/uploads\/2021\/10\/318646-1.jpg 524w\" alt=\"Cerebro encefalitis diagn\u00f3stico\" width=\"391\" height=\"561\" data-attachment-id=\"207408\" data-permalink=\"https:\/\/efesalud.com\/318646-2\/\" data-orig-file=\"https:\/\/efesalud.com\/wp-content\/uploads\/2021\/10\/318646-1.jpg\" data-orig-size=\"524,752\" data-comments-opened=\"0\" data-image-meta=\"{&quot;aperture&quot;:&quot;0&quot;,&quot;credit&quot;:&quot;&quot;,&quot;camera&quot;:&quot;&quot;,&quot;caption&quot;:&quot;&quot;,&quot;created_timestamp&quot;:&quot;0&quot;,&quot;copyright&quot;:&quot;&quot;,&quot;focal_length&quot;:&quot;0&quot;,&quot;iso&quot;:&quot;0&quot;,&quot;shutter_speed&quot;:&quot;0&quot;,&quot;title&quot;:&quot;&quot;,&quot;orientation&quot;:&quot;0&quot;}\" data-image-title=\"Cerebro encefalitis diagn\u00f3stico\" data-image-description=\"\" data-image-caption=\"&lt;p&gt;EFE\/Alberto Est\u00e9vez&lt;\/p&gt;\n\" data-medium-file=\"https:\/\/efesalud.com\/wp-content\/uploads\/2021\/10\/318646-1-209x300.jpg\" data-large-file=\"https:\/\/efesalud.com\/wp-content\/uploads\/2021\/10\/318646-1-713x1024.jpg\" data-src=\"https:\/\/efesalud.com\/wp-content\/uploads\/2021\/10\/318646-1-713x1024.jpg\" data-srcset=\"https:\/\/efesalud.com\/wp-content\/uploads\/2021\/10\/318646-1-713x1024.jpg 713w, https:\/\/efesalud.com\/wp-content\/uploads\/2021\/10\/318646-1-209x300.jpg 209w, https:\/\/efesalud.com\/wp-content\/uploads\/2021\/10\/318646-1-768x1103.jpg 768w, https:\/\/efesalud.com\/wp-content\/uploads\/2021\/10\/318646-1.jpg 524w\" data-sizes=\"auto\" \/><figcaption class=\"wp-element-caption\">EFE\/Alberto Est\u00e9vez<\/figcaption><\/figure>\n<\/div>\n<ul>\n<li><strong>Virus, bacterias u hongos<\/strong>, que dan a lugar a una\u00a0<strong>encefalitis de tipo infecciosa<\/strong>.<\/li>\n<li><strong>Agente t\u00f3xico<\/strong>.<\/li>\n<li><strong>Tumores y\/o prote\u00ednas\u00a0<\/strong>que atacan el interior o la superficie de las neuronas, pudiendo ocasionar una\u00a0<strong>encefalitis de tipo autoinmune<\/strong>.<\/li>\n<\/ul>\n<p>Dependiendo de las causas, \u201cel tratamiento es diferente y debe iniciarse en muchas ocasiones antes de tener disponibles todos los resultados del laboratorio\u201d, se\u00f1ala la especialista.<\/p>\n<h2>Una enfermedad infradiagnosticada<\/h2>\n<p>Para la doctora Guill\u00e1n, el\u00a0<strong>diagn\u00f3stico precoz\u00a0<\/strong>de la encefalitis es clave, ya que la probabilidad de que el paciente evolucione favorablemente es mayor.<\/p>\n<p>Y, aunque actualmente existen nuevos m\u00e9todos de diagn\u00f3stico microbiol\u00f3gico multiparam\u00e9tricos capaces de identificar el agente causal, todav\u00eda sigue siendo una e<strong>nfermedad infradiagnosticada e infradeclarada<\/strong>.<\/p>\n<p>La SEN estima que en\u00a0<strong>m\u00e1s del 40%\u00a0<\/strong>de los casos no se llega a obtener un\u00a0<strong>diagn\u00f3stico causal preciso<\/strong>.<\/p>\n<p>En cuanto a la\u00a0<strong>incidencia<\/strong>, la doctora recalca que es mayor en poblaci\u00f3n infantil y adolescente. Concretamente,\u00a0<strong>10 de cada 100.000<\/strong>\u00a0ni\u00f1os padecer\u00e1n encefalitis este a\u00f1o, y a\u00fan ser\u00e1 mayor la proporci\u00f3n entre menores de un a\u00f1o, ya que<strong>\u00a020 de cada 100.000<\/strong>\u00a0la sufrir\u00e1n.<\/p>\n<h2>Las encefalitis de causa infecciosa, en descenso<\/h2>\n<p>Gracias a los programas de vacunaci\u00f3n, tanto infantil como en adultos y a las medidas higi\u00e9nicas, el n\u00famero de encefalitis de car\u00e1cter infeccioso se encuentra en<strong>\u00a0descenso progresivo<\/strong>.<\/p>\n<p>\u201cPor el contrario, cada vez se identifican y se tratan m\u00e1s casos de encefalitis autoinmune, en la que la\u00a0<strong>predisposici\u00f3n gen\u00e9tica\u00a0<\/strong>y las<strong>\u00a0causas ambientales\u00a0<\/strong>(como las infecciones v\u00edricas previas e incluso la contaminaci\u00f3n) son los posibles factores de riesgo para desarrollar este tipo de encefalitis que m\u00e1s se han estudiado\u201d, explica Guill\u00e1n.<\/p>\n<p>Pese a esto, el<strong>\u00a0virus del herpes simple<\/strong>, el\u00a0<strong>Epstein-Barr<\/strong>, el\u00a0<strong>VIH\u00a0<\/strong>y los virus de la\u00a0<strong>varicela<\/strong>,\u00a0<strong>sarampi\u00f3n<\/strong>,\u00a0<strong>paperas<\/strong>,<strong>\u00a0polio\u00a0<\/strong>y\u00a0<strong>rub\u00e9ola<\/strong>\u00a0(en personas no vacunadas) contin\u00faan siendo la causa m\u00e1s frecuente a nivel mundial, tal y como apunta.<\/p>\n<h2>Vacunaci\u00f3n para prevenir<\/h2>\n<p>Desde la\u00a0<a href=\"https:\/\/www.sen.es\/\" target=\"_blank\" rel=\"noreferrer noopener nofollow\" data-wpel-link=\"external\">SEN<\/a>\u00a0hacen hincapi\u00e9 en la importancia de la vacunaci\u00f3n, sobre todo para la poblaci\u00f3n de riesgo (ni\u00f1os, mayores y personas con afectaci\u00f3n del sistema inmunitario o que est\u00e1n en tratamiento con f\u00e1rmacos inmunosupresores).<\/p>\n<p>As\u00ed como antes de\u00a0<a href=\"https:\/\/efesalud.com\/enfermedades-tropicales-el-regreso-del-viajero\/\" target=\"_blank\" rel=\"noreferrer noopener\" data-wpel-link=\"internal\">viajar<\/a>\u00a0a determinados lugares donde pueda haber presencia de mosquitos y\/o garrapatas que sean transmisores potenciales de virus que causen encefalitis.<\/p>\n<p>\u201cEstrategias poblaciones, como el calendario de vacunaci\u00f3n para toda la vida, as\u00ed como las medidas de higiene reaprendidas durante la pandemia, son las mejores herramientas que tenemos, en la actualidad, para prevenir esta enfermedad\u201d, concluye la especialista de la SEN.<\/p>\n<p>EFESALUD<\/p>\n","protected":false},"excerpt":{"rendered":"<p>La\u00a0encefalitis\u00a0corresponde a la\u00a0inflamaci\u00f3n del tejido cerebral\u00a0(si la inflamaci\u00f3n tambi\u00e9n afecta a las meninges se denomina meningoencefalitis) yse trata de una enfermedad que deja\u00a0secuelas\u00a0en m\u00e1s de un\u00a020%\u00a0de las personas que logran sobrevivir, por lo que un diagn\u00f3stico precoz es crucial. El \u00edndice de mortalidad en Espa\u00f1a est\u00e1 entre un\u00a05\u00a0y un\u00a020%\u00a0de las personas que padecen encefalitis. Cada [&hellip;]<\/p>\n","protected":false},"author":19,"featured_media":239949,"comment_status":"closed","ping_status":"closed","sticky":false,"template":"","format":"standard","meta":{"footnotes":""},"categories":[19],"tags":[],"class_list":{"0":"post-239948","1":"post","2":"type-post","3":"status-publish","4":"format-standard","5":"has-post-thumbnail","7":"category-salud"},"_links":{"self":[{"href":"https:\/\/elluchador.info\/index.php?rest_route=\/wp\/v2\/posts\/239948","targetHints":{"allow":["GET"]}}],"collection":[{"href":"https:\/\/elluchador.info\/index.php?rest_route=\/wp\/v2\/posts"}],"about":[{"href":"https:\/\/elluchador.info\/index.php?rest_route=\/wp\/v2\/types\/post"}],"author":[{"embeddable":true,"href":"https:\/\/elluchador.info\/index.php?rest_route=\/wp\/v2\/users\/19"}],"replies":[{"embeddable":true,"href":"https:\/\/elluchador.info\/index.php?rest_route=%2Fwp%2Fv2%2Fcomments&post=239948"}],"version-history":[{"count":1,"href":"https:\/\/elluchador.info\/index.php?rest_route=\/wp\/v2\/posts\/239948\/revisions"}],"predecessor-version":[{"id":239950,"href":"https:\/\/elluchador.info\/index.php?rest_route=\/wp\/v2\/posts\/239948\/revisions\/239950"}],"wp:featuredmedia":[{"embeddable":true,"href":"https:\/\/elluchador.info\/index.php?rest_route=\/wp\/v2\/media\/239949"}],"wp:attachment":[{"href":"https:\/\/elluchador.info\/index.php?rest_route=%2Fwp%2Fv2%2Fmedia&parent=239948"}],"wp:term":[{"taxonomy":"category","embeddable":true,"href":"https:\/\/elluchador.info\/index.php?rest_route=%2Fwp%2Fv2%2Fcategories&post=239948"},{"taxonomy":"post_tag","embeddable":true,"href":"https:\/\/elluchador.info\/index.php?rest_route=%2Fwp%2Fv2%2Ftags&post=239948"}],"curies":[{"name":"wp","href":"https:\/\/api.w.org\/{rel}","templated":true}]}}