{"id":239951,"date":"2023-02-22T19:22:11","date_gmt":"2023-02-22T23:22:11","guid":{"rendered":"https:\/\/elluchador.info\/web\/?p=239951"},"modified":"2023-02-22T19:22:11","modified_gmt":"2023-02-22T23:22:11","slug":"virus-de-marburgo-similar-al-ebola-sintomas-transmision-y-medidas-para-contenerlo","status":"publish","type":"post","link":"https:\/\/elluchador.info\/?p=239951","title":{"rendered":"Virus de Marburgo, similar al \u00c9bola: s\u00edntomas, transmisi\u00f3n y medidas para contenerlo"},"content":{"rendered":"<p>Los Centros para el Control y Prevenci\u00f3n de Enfermedades de \u00c1frica (\u00c1frica CDC) de la Uni\u00f3n Africana (UA) aseguran que el brote de la enfermedad del virus de Marburgo, confirmado en Guinea Ecuatorial, no debe \u201csembrar el p\u00e1nico\u201d y destacan que los expertos est\u00e1n trabajando para contenerlo.<\/p>\n<p>Hasta el momento se han comunicado al menos 9 fallecidos y unas 4.000 personas en cuarentena.<\/p>\n<p>La Organizaci\u00f3n Mundial de la Salud (OMS) est\u00e1 en contacto con el Ministerio de Salud de Guinea Ecuatorial para el inicio de posibles tratamientos experimentales contra el virus de Marburgo ya que por ahora no hay tratamientos ni vacunas contra esta enfermedad similar al \u00e9bola, pero s\u00ed varios sueros y mol\u00e9culas candidatos.<\/p>\n<h2>As\u00eda act\u00faa el virus de Marburgo<\/h2>\n<p>Aunque marburgo y \u00e9bola son virus distintos, ambos pertenecen a la familia Filoviridae y ocasionan enfermedades con caracter\u00edsticas cl\u00ednicas similares. Ambas son raras, pero las tasas de letalidad de sus brotes pueden ser elevadas, seg\u00fan la\u00a0<a href=\"https:\/\/www.who.int\/\" rel=\"nofollow\" data-wpel-link=\"external\">OMS<\/a>.<\/p>\n<h3>La transmisi\u00f3n<\/h3>\n<ul>\n<li>Inicialmente, la infecci\u00f3n humana por marburgo se debe a la estancia prolongada en minas o cuevas habitadas por colonias de<strong>\u00a0murci\u00e9lagos<\/strong>\u00a0Rousettus.<\/li>\n<li>La transmisi\u00f3n entre personas ocurre por\u00a0<strong>contacto directo de la piel lesionada o las mucosas<\/strong>\u00a0con sangre, secreciones, \u00f3rganos u otros l\u00edquidos corporales de personas infectadas, as\u00ed como con superficies y materiales contaminados con dichos l\u00edquidos, como ropa personal o de cama.<\/li>\n<li>Se han descrito casos de\u00a0<strong>transmisi\u00f3n al personal sanitario<\/strong>\u00a0que atiende a pacientes a trav\u00e9s del contacto estrecho sin las debidas precauciones de control de las infecciones.<\/li>\n<li>El\u00a0<strong>contagio a trav\u00e9s de materiales<\/strong>\u00a0para inyecci\u00f3n contaminados o de pinchazos con agujas se asocia a una mayor gravedad de la enfermedad, a un agravamiento m\u00e1s r\u00e1pido y, posiblemente, a una mayor tasa de letalidad.<\/li>\n<li>Tambi\u00e9n se puede dar esta\u00a0<strong>transmisi\u00f3n en las ceremonias funerarias<\/strong>\u00a0en que los dolientes tienen contacto directo con el cuerpo del difunto.<\/li>\n<li>La\u00a0<strong>infectividad persiste\u00a0<\/strong>mientras haya virus en la sangre.<\/li>\n<\/ul>\n<h3>Lo s\u00edntomas<\/h3>\n<ul>\n<li>La enfermedad comienza de forma brusca con<strong>\u00a0fiebre elevada, cefalea intensa y gran malestar, as\u00ed como frecuentes dolores musculares.<\/strong><\/li>\n<li>Al tercer d\u00eda pueden aparecer\u00a0<strong>diarrea<\/strong>\u00a0intensa, dolor y c\u00f3licos abdominales, n\u00e1useas y v\u00f3mitos.<\/li>\n<li>En esta fase se ha descrito que los pacientes presentan\u00a0<strong>\u00abaspecto de fantasma\u00bb\u00a0<\/strong>debido al hundimiento de los ojos, la inexpresividad facial y el letargo extremo.<\/li>\n<li>Muchos enfermos tienen\u00a0<strong>manifestaciones hemorr\u00e1gicas<\/strong>\u00a0graves a los 5 a 7 d\u00edas y los casos mortales suelen presentar alguna forma de hemorragia, a menudo en varios \u00f3rganos.<\/li>\n<li>Durante la fase grave de la enfermedad, los pacientes presentan\u00a0<strong>fiebre elevada de forma persistente<\/strong>.<\/li>\n<li>La afectaci\u00f3n del sistema nervioso central puede producir\u00a0<strong>confusi\u00f3n, irritabilidad y agresividad<\/strong>.<\/li>\n<li>Se han descrito asimismo casos ocasionales de\u00a0<strong>orquitis<\/strong>\u00a0(inflamaci\u00f3n de uno o ambos test\u00edculos) en la fase tard\u00eda de la enfermedad (a los 15 d\u00edas de su inicio).<\/li>\n<li>En los casos mortales, el\u00a0<strong>\u00f3bito suele producirse a los 8 \u00f3 9 d\u00edas del inicio de los s\u00edntomas<\/strong>\u00a0precedido de grandes p\u00e9rdidas de sangre.<\/li>\n<\/ul>\n<h2>Las medidas<\/h2>\n<p>El brote se detect\u00f3 en la provincia de Ki\u00e9-Ntem, en el oeste de la regi\u00f3n continental de Guinea Ecuatorial, que lo comunic\u00f3 oficialmente el pasado 13 de febrero.<\/p>\n<p>Entre las medidas que se han tomado destacan:<\/p>\n<ul>\n<li>Limitaci\u00f3n de los movimientos<\/li>\n<li>Campa\u00f1a de sensibilizaci\u00f3n y el despliegue de personal sanitario para \u201cbrindar\u201d a las personas que presenten los s\u00edntomas de esta enfermedad \u201cla oportunidad de ser tratados y hacerles pruebas\u201d.<\/li>\n<\/ul>\n<p>Asimismo, los \u00c1frica CDC est\u00e1n cooperando \u201cestrechamente\u201d con Camer\u00fan y Gab\u00f3n \u201cpara impedir la expansi\u00f3n\u201d del brote m\u00e1s all\u00e1 de las fronteras de Guinea Ecuatorial, pa\u00eds donde por primera vez se notifica un brote de este virus.<\/p>\n<p>En el pasado, se han detectado brotes y casos espor\u00e1dicos de esta enfermedad en otros pa\u00edses de \u00c1frica, como Ghana, Guinea-Conakri, Angola, la Rep\u00fablica Democr\u00e1tica del Congo (RDC), Kenia, Sud\u00e1frica y Uganda.<\/p>\n<p>La enfermedad es tan mort\u00edfera como la del \u00e9bola, que golpe\u00f3 en\u00a0<a href=\"https:\/\/efesalud.com\/dos-anos-de-ebola-las-lecciones-aprendidas-por-medicos-sin-fronteras\/\" data-wpel-link=\"internal\">2014-2015 a Sierra Leona, Liberia y Guinea\u00a0<\/a>y por primera vez salt\u00f3 a Europa y Am\u00e9rica sin que se produjeran brotes, tan solo casos aislados.<\/p>\n<div class=\"wp-block-image\">\n<figure class=\"aligncenter size-full is-resized\"><img loading=\"lazy\" decoding=\"async\" class=\"wp-image-195782 lazyautosizes lazyloaded\" style=\"box-sizing: border-box; height: auto; max-width: 100%; border-style: none; vertical-align: bottom; transition: all 0.3s ease-out 0s; display: inline-block; margin-bottom: 15px;\" src=\"https:\/\/efesalud.com\/wp-content\/uploads\/2021\/10\/kenema1-e1413884274534.jpg\" sizes=\"auto, 559px\" srcset=\"https:\/\/efesalud.com\/wp-content\/uploads\/2021\/10\/kenema1-e1413884274534.jpg 600w, https:\/\/efesalud.com\/wp-content\/uploads\/2021\/10\/kenema1-e1413884274534-300x200.jpg 300w\" alt=\"\u00c9bola \u00c1frica\" width=\"559\" height=\"373\" data-attachment-id=\"195782\" data-permalink=\"https:\/\/efesalud.com\/vencer-al-ebola-con-anticuerpos-y-antibioticos\/kenema1-e1413884274534\/\" data-orig-file=\"https:\/\/efesalud.com\/wp-content\/uploads\/2021\/10\/kenema1-e1413884274534.jpg\" data-orig-size=\"600,400\" data-comments-opened=\"0\" data-image-meta=\"{&quot;aperture&quot;:&quot;0&quot;,&quot;credit&quot;:&quot;&quot;,&quot;camera&quot;:&quot;&quot;,&quot;caption&quot;:&quot;&quot;,&quot;created_timestamp&quot;:&quot;0&quot;,&quot;copyright&quot;:&quot;&quot;,&quot;focal_length&quot;:&quot;0&quot;,&quot;iso&quot;:&quot;0&quot;,&quot;shutter_speed&quot;:&quot;0&quot;,&quot;title&quot;:&quot;&quot;,&quot;orientation&quot;:&quot;0&quot;}\" data-image-title=\"un enfermero con un traje de protecci\u00f3n observa a un enfermo de \u00e9bola recostado de espaldas en una camilla\" data-image-description=\"\" data-image-caption=\"&lt;p&gt;Un sanitario de Cruz Roja observa a un enfermo de \u00e9bola en el Centro de Tratamiento de Kenema, en Sierra Leona en 2014. Foto: Cruz Roja&lt;\/p&gt;\n\" data-medium-file=\"https:\/\/efesalud.com\/wp-content\/uploads\/2021\/10\/kenema1-e1413884274534-300x200.jpg\" data-large-file=\"https:\/\/efesalud.com\/wp-content\/uploads\/2021\/10\/kenema1-e1413884274534.jpg\" data-src=\"https:\/\/efesalud.com\/wp-content\/uploads\/2021\/10\/kenema1-e1413884274534.jpg\" data-srcset=\"https:\/\/efesalud.com\/wp-content\/uploads\/2021\/10\/kenema1-e1413884274534.jpg 600w, https:\/\/efesalud.com\/wp-content\/uploads\/2021\/10\/kenema1-e1413884274534-300x200.jpg 300w\" data-sizes=\"auto\" \/><figcaption class=\"wp-element-caption\">Un sanitario de Cruz Roja observa a un enfermo de \u00e9bola en el Centro de Tratamiento de Kenema, en Sierra Leona en 2014. Foto: Cruz Roja<\/figcaption><\/figure>\n<\/div>\n<p>El virus de Marburgo se estima que en \u00c1frica ha causado la muerte de m\u00e1s de 3.500 personas.<\/p>\n<p>Fue detectada por primera vez en 1967 en la ciudad alemana de Marburgo -origen de su nombre- por t\u00e9cnicos de laboratorio que resultaron infectados cuando investigaban a monos tra\u00eddos de Uganda.<\/p>\n<h2>Y si llegara a Espa\u00f1a\u2026<\/h2>\n<p>La<strong>\u00a0Sociedad Espa\u00f1ola de Enfermedades Infecciosas y Microbiolog\u00eda Cl\u00ednica (SEIMC)<\/strong>\u00a0ofrece unas recomendaciones de manejo cl\u00ednico de pacientes si llegara a Espa\u00f1a alg\u00fan caso de persona infectada de marburgo.<\/p>\n<ul>\n<li>La enfermedad por virus de Marburgo\u00a0<strong>se transmite por contacto estrecho<\/strong>\u00a0con una persona enferma, y tiene una alta mortalidad seg\u00fan las series previas.<\/li>\n<\/ul>\n<ul>\n<li>A la espera de la definici\u00f3n de caso sospechoso o en investigaci\u00f3n por las autoridades sanitarias, considerar realizar la\u00a0<strong>determinaci\u00f3n diagn\u00f3stica a todo paciente con cuadro cl\u00ednico compatible<\/strong>.<\/li>\n<\/ul>\n<ul>\n<li>Consideramos prioritaria la\u00a0<strong>preparaci\u00f3n de todos los niveles asistenciales<\/strong>\u00a0para la atenci\u00f3n de forma segura para pacientes y sanitarios hasta su confirmaci\u00f3n.<\/li>\n<\/ul>\n<ul>\n<li>En ning\u00fan caso la existencia de este brote debe condicionar una negaci\u00f3n o retraso en el acceso a la atenci\u00f3n sanitaria de\u00a0<strong>pacientes procedentes de Guinea Ecuatorial<\/strong>, que podr\u00edan llegar a ver peligrar su vida por no recibir un correcto diagn\u00f3stico y tratamiento de otros problemas infecciosos como malaria, covid-19, infecciones bacterianas o enfermedades no infecciosas.<\/li>\n<\/ul>\n<ul>\n<li>Ante casos en investigaci\u00f3n de Marburg, tanto por la posibilidad de diagn\u00f3stico de esta fiebre hemorr\u00e1gica como por la existencia de riesgo de hemorragia por otras enfermedades infecciosas end\u00e9micas como el dengue, recomendamos\u00a0<strong>evitar la administraci\u00f3n de antiinflamatorios no esteroideos, anticoagulantes o antiagregantes<\/strong>, salvo que sea imprescindible su administraci\u00f3n, a pacientes provenientes de Guinea Ecuatorial con fiebre hasta completar el diagn\u00f3stico microbiol\u00f3gico.<\/li>\n<\/ul>\n<ul>\n<li>Recomendamos la realizaci\u00f3n de una\u00a0<strong>prueba de malaria<\/strong>\u00a0en todos los pacientes provenientes de Guinea Ecuatorial con fiebre.<\/li>\n<\/ul>\n<ul>\n<li>El tratamiento de los pacientes con diagn\u00f3stico confirmado de enfermedad por virus de Marburgo debe realizarse en una\u00a0<strong><a href=\"https:\/\/efesalud.com\/contagio-cero-objetivo-la-nueva-unidad-aislamiento-del-carlos-iii\/\" target=\"_blank\" rel=\"noreferrer noopener\" data-wpel-link=\"internal\">Unidad de Aislamiento de Alto Nivel<\/a><\/strong>.<\/li>\n<\/ul>\n<div class=\"wp-block-image\">\n<figure class=\"aligncenter size-full is-resized\"><img loading=\"lazy\" decoding=\"async\" class=\"wp-image-202443 lazyautosizes lazyloaded\" style=\"box-sizing: border-box; height: auto; max-width: 100%; border-style: none; vertical-align: bottom; transition: all 0.3s ease-out 0s; display: inline-block; margin-bottom: 15px;\" src=\"https:\/\/efesalud.com\/wp-content\/uploads\/2021\/10\/8452048-e1565274799568.jpg\" sizes=\"auto, 550px\" srcset=\"https:\/\/efesalud.com\/wp-content\/uploads\/2021\/10\/8452048-e1565274799568.jpg 600w, https:\/\/efesalud.com\/wp-content\/uploads\/2021\/10\/8452048-e1565274799568-300x179.jpg 300w\" alt=\"Unidad de aislamiento, virus de Marburgo\" width=\"550\" height=\"328\" data-attachment-id=\"202443\" data-permalink=\"https:\/\/efesalud.com\/enfermera-fiebre-hemorragica-recibe-alta-medica\/8452048-e1565274799568\/\" data-orig-file=\"https:\/\/efesalud.com\/wp-content\/uploads\/2021\/10\/8452048-e1565274799568.jpg\" data-orig-size=\"600,358\" data-comments-opened=\"0\" data-image-meta=\"{&quot;aperture&quot;:&quot;0&quot;,&quot;credit&quot;:&quot;&quot;,&quot;camera&quot;:&quot;&quot;,&quot;caption&quot;:&quot;&quot;,&quot;created_timestamp&quot;:&quot;0&quot;,&quot;copyright&quot;:&quot;&quot;,&quot;focal_length&quot;:&quot;0&quot;,&quot;iso&quot;:&quot;0&quot;,&quot;shutter_speed&quot;:&quot;0&quot;,&quot;title&quot;:&quot;&quot;,&quot;orientation&quot;:&quot;0&quot;}\" data-image-title=\"HOSPITAL CARLOS III \u2013 UNIDAD DE AISLAMIENTO DE ALTO NIVEL\" data-image-description=\"\" data-image-caption=\"&lt;p&gt;Unidad de Aislamiento de Alto Nivel para atender casos infecciosos de gran complejidad en el Hospital Carlos III de Madrid. EFE\/Zipi&lt;\/p&gt;\n\" data-medium-file=\"https:\/\/efesalud.com\/wp-content\/uploads\/2021\/10\/8452048-e1565274799568-300x179.jpg\" data-large-file=\"https:\/\/efesalud.com\/wp-content\/uploads\/2021\/10\/8452048-e1565274799568.jpg\" data-src=\"https:\/\/efesalud.com\/wp-content\/uploads\/2021\/10\/8452048-e1565274799568.jpg\" data-srcset=\"https:\/\/efesalud.com\/wp-content\/uploads\/2021\/10\/8452048-e1565274799568.jpg 600w, https:\/\/efesalud.com\/wp-content\/uploads\/2021\/10\/8452048-e1565274799568-300x179.jpg 300w\" data-sizes=\"auto\" \/><figcaption class=\"wp-element-caption\">Unidad de Aislamiento de Alto Nivel para atender casos infecciosos de gran complejidad en el Hospital Carlos III de Madrid. EFE\/Zipi<\/figcaption><\/figure>\n<\/div>\n<ul>\n<li>La prioridad en el tratamiento de los casos confirmados son las\u00a0<strong>medidas de soporte<\/strong>.<\/li>\n<\/ul>\n<ul>\n<li>Por el momento, no hay tratamientos espec\u00edficos que hayan demostrado su eficacia frente a Marburgo en ensayos cl\u00ednicos controlados en humanos.<\/li>\n<\/ul>\n<ul>\n<li>Desde SEIMC recordar que, una vez m\u00e1s, las enfermedades emergentes infectocontagiosas ponen en\u00a0<strong>riesgo la salud p\u00fablica<\/strong>\u00a0de nuestro pa\u00eds.<\/li>\n<\/ul>\n<p>&nbsp;<\/p>\n","protected":false},"excerpt":{"rendered":"<p>Los Centros para el Control y Prevenci\u00f3n de Enfermedades de \u00c1frica (\u00c1frica CDC) de la Uni\u00f3n Africana (UA) aseguran que el brote de la enfermedad del virus de Marburgo, confirmado en Guinea Ecuatorial, no debe \u201csembrar el p\u00e1nico\u201d y destacan que los expertos est\u00e1n trabajando para contenerlo. Hasta el momento se han comunicado al menos [&hellip;]<\/p>\n","protected":false},"author":19,"featured_media":239952,"comment_status":"closed","ping_status":"closed","sticky":false,"template":"","format":"standard","meta":{"footnotes":""},"categories":[19],"tags":[],"class_list":{"0":"post-239951","1":"post","2":"type-post","3":"status-publish","4":"format-standard","5":"has-post-thumbnail","7":"category-salud"},"_links":{"self":[{"href":"https:\/\/elluchador.info\/index.php?rest_route=\/wp\/v2\/posts\/239951","targetHints":{"allow":["GET"]}}],"collection":[{"href":"https:\/\/elluchador.info\/index.php?rest_route=\/wp\/v2\/posts"}],"about":[{"href":"https:\/\/elluchador.info\/index.php?rest_route=\/wp\/v2\/types\/post"}],"author":[{"embeddable":true,"href":"https:\/\/elluchador.info\/index.php?rest_route=\/wp\/v2\/users\/19"}],"replies":[{"embeddable":true,"href":"https:\/\/elluchador.info\/index.php?rest_route=%2Fwp%2Fv2%2Fcomments&post=239951"}],"version-history":[{"count":1,"href":"https:\/\/elluchador.info\/index.php?rest_route=\/wp\/v2\/posts\/239951\/revisions"}],"predecessor-version":[{"id":239953,"href":"https:\/\/elluchador.info\/index.php?rest_route=\/wp\/v2\/posts\/239951\/revisions\/239953"}],"wp:featuredmedia":[{"embeddable":true,"href":"https:\/\/elluchador.info\/index.php?rest_route=\/wp\/v2\/media\/239952"}],"wp:attachment":[{"href":"https:\/\/elluchador.info\/index.php?rest_route=%2Fwp%2Fv2%2Fmedia&parent=239951"}],"wp:term":[{"taxonomy":"category","embeddable":true,"href":"https:\/\/elluchador.info\/index.php?rest_route=%2Fwp%2Fv2%2Fcategories&post=239951"},{"taxonomy":"post_tag","embeddable":true,"href":"https:\/\/elluchador.info\/index.php?rest_route=%2Fwp%2Fv2%2Ftags&post=239951"}],"curies":[{"name":"wp","href":"https:\/\/api.w.org\/{rel}","templated":true}]}}