{"id":240770,"date":"2024-07-17T13:45:20","date_gmt":"2024-07-17T17:45:20","guid":{"rendered":"https:\/\/elluchador.info\/?p=240770"},"modified":"2024-07-17T13:45:24","modified_gmt":"2024-07-17T17:45:24","slug":"ola-de-calor-se-intensifica-en-italia","status":"publish","type":"post","link":"https:\/\/elluchador.info\/?p=240770","title":{"rendered":"Ola de calor se intensifica en Italia"},"content":{"rendered":"\n<p>La fuerte ola de calor que sufre Italia desde hace d\u00edas, que ya ha causado tres muertes, se est\u00e1 intensificando en las \u00faltimas horas y se esperan picos de m\u00e1s de 40 grados en el centro y sur de la pen\u00ednsula as\u00ed como en las islas, las zonas m\u00e1s afectadas por las elevadas temperaturas.<\/p>\n\n\n\n<p>El anticicl\u00f3n norteafricano no da tregua y persistir\u00e1 en el pa\u00eds hasta finales de semana, especialmente en las \u00e1reas del centro-sur y en las islas donde las temperaturas este martes alcanzar\u00e1n m\u00e1ximas mayoritariamente entre 33 y 40 grados, seg\u00fan los datos del sitio meteo.it.<\/p>\n\n\n\n<p>En Roma, que se encuentra en el m\u00e1ximo nivel de alerta por calor excesivo, las temperaturas llegar\u00e1n este mi\u00e9rcoles a los 38 grados, mientras las m\u00ednimas no descender\u00e1n de los 22 grados<\/p>\n\n\n\n<p>Otras 12 ciudades est\u00e1n tambi\u00e9n en alerta roja: Ancona, Bolonia, Campobasso, Florencia, Frosinone, Latina, Palermo, Peruggia, Pescara, Rieti, Trieste y Viterbo, seg\u00fan el Ministerio de Sanidad italiano.<\/p>\n\n\n\n<p>En las regiones del norte, recientemente golpeadas por intensas lluvias que inundaron algunas ciudades, las temperaturas no ser\u00e1n tan altas, pero a\u00fan as\u00ed las m\u00e1ximas se situar\u00e1n entre los 32 y 36 grados, con altos niveles de humedad, seg\u00fan la misma fuente.<\/p>\n\n\n\n<p>Con informaci\u00f3n <strong><em>AFP<\/em><\/strong><\/p>\n","protected":false},"excerpt":{"rendered":"<p>La fuerte ola de calor que sufre Italia desde hace d\u00edas, que ya ha causado tres muertes, se est\u00e1 intensificando en las \u00faltimas horas y se esperan picos de m\u00e1s de 40 grados en el centro y sur de la pen\u00ednsula as\u00ed como en las islas, las zonas m\u00e1s afectadas por las elevadas temperaturas. El [&hellip;]<\/p>\n","protected":false},"author":33,"featured_media":240771,"comment_status":"closed","ping_status":"closed","sticky":false,"template":"","format":"standard","meta":{"footnotes":""},"categories":[5,8],"tags":[1440,1441],"class_list":{"0":"post-240770","1":"post","2":"type-post","3":"status-publish","4":"format-standard","5":"has-post-thumbnail","7":"category-destacado","8":"category-internacionales","9":"tag-italia","10":"tag-ola-de-calor"},"_links":{"self":[{"href":"https:\/\/elluchador.info\/index.php?rest_route=\/wp\/v2\/posts\/240770","targetHints":{"allow":["GET"]}}],"collection":[{"href":"https:\/\/elluchador.info\/index.php?rest_route=\/wp\/v2\/posts"}],"about":[{"href":"https:\/\/elluchador.info\/index.php?rest_route=\/wp\/v2\/types\/post"}],"author":[{"embeddable":true,"href":"https:\/\/elluchador.info\/index.php?rest_route=\/wp\/v2\/users\/33"}],"replies":[{"embeddable":true,"href":"https:\/\/elluchador.info\/index.php?rest_route=%2Fwp%2Fv2%2Fcomments&post=240770"}],"version-history":[{"count":1,"href":"https:\/\/elluchador.info\/index.php?rest_route=\/wp\/v2\/posts\/240770\/revisions"}],"predecessor-version":[{"id":240772,"href":"https:\/\/elluchador.info\/index.php?rest_route=\/wp\/v2\/posts\/240770\/revisions\/240772"}],"wp:featuredmedia":[{"embeddable":true,"href":"https:\/\/elluchador.info\/index.php?rest_route=\/wp\/v2\/media\/240771"}],"wp:attachment":[{"href":"https:\/\/elluchador.info\/index.php?rest_route=%2Fwp%2Fv2%2Fmedia&parent=240770"}],"wp:term":[{"taxonomy":"category","embeddable":true,"href":"https:\/\/elluchador.info\/index.php?rest_route=%2Fwp%2Fv2%2Fcategories&post=240770"},{"taxonomy":"post_tag","embeddable":true,"href":"https:\/\/elluchador.info\/index.php?rest_route=%2Fwp%2Fv2%2Ftags&post=240770"}],"curies":[{"name":"wp","href":"https:\/\/api.w.org\/{rel}","templated":true}]}}