{"id":240816,"date":"2024-07-17T17:37:33","date_gmt":"2024-07-17T21:37:33","guid":{"rendered":"https:\/\/elluchador.info\/?p=240816"},"modified":"2024-07-17T17:37:38","modified_gmt":"2024-07-17T21:37:38","slug":"gonzalez-urrutia-aclaro-que-tiene-gripe-y-no-padece-una-enfermedad-terminal","status":"publish","type":"post","link":"https:\/\/elluchador.info\/?p=240816","title":{"rendered":"Gonz\u00e1lez Urrutia aclar\u00f3 que tiene gripe y no padece una enfermedad terminal"},"content":{"rendered":"\n<p>El candidato presidencial por la Plataforma Unitaria, Edmundo Gonz\u00e1lez Urrutia, sali\u00f3 al paso la ma\u00f1ana de este mi\u00e9rcoles a rumores sobre su salud y el padecimiento de una supuesta enfermedad terminal.<\/p>\n\n\n\n<p>A trav\u00e9s de sus redes sociales, Gonz\u00e1lez Urrutia destac\u00f3 que no pudo asistir a la actividad pol\u00edtica prevista en Portuguesa con la coordinadora de Vente Venezuela, Mar\u00eda Corina Machado, debido a un cuadro gripal que le aqueja.<\/p>\n\n\n\n<figure class=\"wp-block-embed is-type-rich is-provider-twitter wp-block-embed-twitter\"><div class=\"wp-block-embed__wrapper\">\n<blockquote class=\"twitter-tweet\" data-width=\"550\" data-dnt=\"true\"><p lang=\"es\" dir=\"ltr\">Ante los \u00faltimos acontecimientos: <a href=\"https:\/\/t.co\/4hDMrg2Ogi\">pic.twitter.com\/4hDMrg2Ogi<\/a><\/p>&mdash; Edmundo Gonz\u00e1lez (@EdmundoGU) <a href=\"https:\/\/twitter.com\/EdmundoGU\/status\/1813588142748037307?ref_src=twsrc%5Etfw\">July 17, 2024<\/a><\/blockquote><script async src=\"https:\/\/platform.twitter.com\/widgets.js\" charset=\"utf-8\"><\/script>\n<\/div><\/figure>\n\n\n\n<p>De igual forma, desminti\u00f3 que est\u00e9 padeciendo de c\u00e1ncer.<\/p>\n\n\n\n<p>Adem\u00e1s, Edmundo Gonz\u00e1lez Urrutia conden\u00f3 la detenci\u00f3n del jefe de seguridad de Machado, Milciades \u00c1vila.<\/p>\n\n\n\n<p>Con informaci\u00f3n<strong><em> Uni\u00f3n Radio<\/em><\/strong><\/p>\n","protected":false},"excerpt":{"rendered":"<p>El candidato presidencial por la Plataforma Unitaria, Edmundo Gonz\u00e1lez Urrutia, sali\u00f3 al paso la ma\u00f1ana de este mi\u00e9rcoles a rumores sobre su salud y el padecimiento de una supuesta enfermedad terminal. A trav\u00e9s de sus redes sociales, Gonz\u00e1lez Urrutia destac\u00f3 que no pudo asistir a la actividad pol\u00edtica prevista en Portuguesa con la coordinadora de [&hellip;]<\/p>\n","protected":false},"author":33,"featured_media":240817,"comment_status":"closed","ping_status":"closed","sticky":false,"template":"","format":"standard","meta":{"footnotes":""},"categories":[11],"tags":[1455,1456],"class_list":{"0":"post-240816","1":"post","2":"type-post","3":"status-publish","4":"format-standard","5":"has-post-thumbnail","7":"category-politica","8":"tag-edmundo","9":"tag-oposicion"},"_links":{"self":[{"href":"https:\/\/elluchador.info\/index.php?rest_route=\/wp\/v2\/posts\/240816","targetHints":{"allow":["GET"]}}],"collection":[{"href":"https:\/\/elluchador.info\/index.php?rest_route=\/wp\/v2\/posts"}],"about":[{"href":"https:\/\/elluchador.info\/index.php?rest_route=\/wp\/v2\/types\/post"}],"author":[{"embeddable":true,"href":"https:\/\/elluchador.info\/index.php?rest_route=\/wp\/v2\/users\/33"}],"replies":[{"embeddable":true,"href":"https:\/\/elluchador.info\/index.php?rest_route=%2Fwp%2Fv2%2Fcomments&post=240816"}],"version-history":[{"count":1,"href":"https:\/\/elluchador.info\/index.php?rest_route=\/wp\/v2\/posts\/240816\/revisions"}],"predecessor-version":[{"id":240818,"href":"https:\/\/elluchador.info\/index.php?rest_route=\/wp\/v2\/posts\/240816\/revisions\/240818"}],"wp:featuredmedia":[{"embeddable":true,"href":"https:\/\/elluchador.info\/index.php?rest_route=\/wp\/v2\/media\/240817"}],"wp:attachment":[{"href":"https:\/\/elluchador.info\/index.php?rest_route=%2Fwp%2Fv2%2Fmedia&parent=240816"}],"wp:term":[{"taxonomy":"category","embeddable":true,"href":"https:\/\/elluchador.info\/index.php?rest_route=%2Fwp%2Fv2%2Fcategories&post=240816"},{"taxonomy":"post_tag","embeddable":true,"href":"https:\/\/elluchador.info\/index.php?rest_route=%2Fwp%2Fv2%2Ftags&post=240816"}],"curies":[{"name":"wp","href":"https:\/\/api.w.org\/{rel}","templated":true}]}}