{"id":240819,"date":"2024-07-17T17:44:34","date_gmt":"2024-07-17T21:44:34","guid":{"rendered":"https:\/\/elluchador.info\/?p=240819"},"modified":"2024-07-17T17:44:38","modified_gmt":"2024-07-17T21:44:38","slug":"modric-extendera-su-vinculo-hasta-el-2023-con-el-real-madrid","status":"publish","type":"post","link":"https:\/\/elluchador.info\/?p=240819","title":{"rendered":"Modric extender\u00e1 su v\u00ednculo hasta el 2023 con el Real Madrid"},"content":{"rendered":"\n<p>El centrocampista croata Luka Modric y el Real Madrid han ampliado por una campa\u00f1a m\u00e1s el acuerdo que vinculaba a ambas partes hasta el pasado 30 de junio, seg\u00fan informa el club.<\/p>\n\n\n\n<p>\u00abEl Real Madrid C. F. y Luka Modri\u0107 han acordado la ampliaci\u00f3n del contrato de nuestro capit\u00e1n, que queda vinculado al club hasta el 30 de junio de 2025\u00bb, se recoge en la misiva.<\/p>\n\n\n\n<figure class=\"wp-block-embed is-type-rich is-provider-twitter wp-block-embed-twitter\"><div class=\"wp-block-embed__wrapper\">\n<blockquote class=\"twitter-tweet\" data-width=\"550\" data-dnt=\"true\"><p lang=\"es\" dir=\"ltr\">Luka Modric ha renovado con el Real Madrid hasta el 30 de junio de 2025 \ud83e\udd0d <a href=\"https:\/\/t.co\/OL6GgSCveK\">pic.twitter.com\/OL6GgSCveK<\/a><\/p>&mdash; Real Madrid Fans \ud83e\udd0d (@MadridismoreaI) <a href=\"https:\/\/twitter.com\/MadridismoreaI\/status\/1813543373774680104?ref_src=twsrc%5Etfw\">July 17, 2024<\/a><\/blockquote><script async src=\"https:\/\/platform.twitter.com\/widgets.js\" charset=\"utf-8\"><\/script>\n<\/div><\/figure>\n\n\n\n<p>En las doce temporadas como madridista, disputando 534 partidos oficiales (39 goles), Modric ha ganado 26 t\u00edtulos, el mayor n\u00famero de la historia del club junto a Nacho Fern\u00e1ndez: 6 Ligas de Campeones (uno de los cinco jugadores que lo han ganado en la historia), 5 Mundiales de Clubes, 4 Supercopas de Europa, 4 Ligas, 2 Copas del Rey y 5 Supercopas de Espa\u00f1a.<\/p>\n\n\n\n<p>Con informaci\u00f3n <strong><em>Marca<\/em><\/strong><\/p>\n","protected":false},"excerpt":{"rendered":"<p>El centrocampista croata Luka Modric y el Real Madrid han ampliado por una campa\u00f1a m\u00e1s el acuerdo que vinculaba a ambas partes hasta el pasado 30 de junio, seg\u00fan informa el club. \u00abEl Real Madrid C. F. y Luka Modri\u0107 han acordado la ampliaci\u00f3n del contrato de nuestro capit\u00e1n, que queda vinculado al club hasta [&hellip;]<\/p>\n","protected":false},"author":33,"featured_media":240820,"comment_status":"closed","ping_status":"closed","sticky":false,"template":"","format":"standard","meta":{"footnotes":""},"categories":[4],"tags":[1457,401],"class_list":{"0":"post-240819","1":"post","2":"type-post","3":"status-publish","4":"format-standard","5":"has-post-thumbnail","7":"category-deportes","8":"tag-modric","9":"tag-real-madrid"},"_links":{"self":[{"href":"https:\/\/elluchador.info\/index.php?rest_route=\/wp\/v2\/posts\/240819","targetHints":{"allow":["GET"]}}],"collection":[{"href":"https:\/\/elluchador.info\/index.php?rest_route=\/wp\/v2\/posts"}],"about":[{"href":"https:\/\/elluchador.info\/index.php?rest_route=\/wp\/v2\/types\/post"}],"author":[{"embeddable":true,"href":"https:\/\/elluchador.info\/index.php?rest_route=\/wp\/v2\/users\/33"}],"replies":[{"embeddable":true,"href":"https:\/\/elluchador.info\/index.php?rest_route=%2Fwp%2Fv2%2Fcomments&post=240819"}],"version-history":[{"count":1,"href":"https:\/\/elluchador.info\/index.php?rest_route=\/wp\/v2\/posts\/240819\/revisions"}],"predecessor-version":[{"id":240821,"href":"https:\/\/elluchador.info\/index.php?rest_route=\/wp\/v2\/posts\/240819\/revisions\/240821"}],"wp:featuredmedia":[{"embeddable":true,"href":"https:\/\/elluchador.info\/index.php?rest_route=\/wp\/v2\/media\/240820"}],"wp:attachment":[{"href":"https:\/\/elluchador.info\/index.php?rest_route=%2Fwp%2Fv2%2Fmedia&parent=240819"}],"wp:term":[{"taxonomy":"category","embeddable":true,"href":"https:\/\/elluchador.info\/index.php?rest_route=%2Fwp%2Fv2%2Fcategories&post=240819"},{"taxonomy":"post_tag","embeddable":true,"href":"https:\/\/elluchador.info\/index.php?rest_route=%2Fwp%2Fv2%2Ftags&post=240819"}],"curies":[{"name":"wp","href":"https:\/\/api.w.org\/{rel}","templated":true}]}}