{"id":241384,"date":"2024-07-22T13:25:34","date_gmt":"2024-07-22T17:25:34","guid":{"rendered":"https:\/\/elluchador.info\/?p=241384"},"modified":"2024-07-22T13:25:38","modified_gmt":"2024-07-22T17:25:38","slug":"amlo-se-pronuncia-tras-el-retiro-de-biden-de-la-contienda-electoral","status":"publish","type":"post","link":"https:\/\/elluchador.info\/?p=241384","title":{"rendered":"AMLO se pronuncia tras el retiro de Biden de la contienda electoral"},"content":{"rendered":"\n<p>El presidente de M\u00e9xico, Andr\u00e9s Manuel L\u00f3pez Obrador, se pronunci\u00f3 acerca del retiro de su hom\u00f3logo estadounidense, Joe Biden, de la carrera para contender por un segundo periodo al frente de la Casa Blanca.<\/p>\n\n\n\n<p>\u00abEs una decisi\u00f3n soberana, que corresponde a las autoridades y dirigentes de EEUU. Nosotros tenemos muy buena relaci\u00f3n con el presidente Biden; lo consideramos muy buen gobernante\u00bb, expres\u00f3 en una conferencia de prensa.<\/p>\n\n\n\n<p>Asimismo, el mandatario mexicano indic\u00f3 que, sin importar a qu\u00e9 pol\u00edtico elija el Partido Dem\u00f3crata para representarle en los comicios presidenciales de noviembre, su Administraci\u00f3n seguir\u00e1 laborando para contar con un v\u00ednculo bilateral positivo.<\/p>\n\n\n\n<p>Con informaci\u00f3n de Agencias.-<\/p>\n","protected":false},"excerpt":{"rendered":"<p>El presidente de M\u00e9xico, Andr\u00e9s Manuel L\u00f3pez Obrador, se pronunci\u00f3 acerca del retiro de su hom\u00f3logo estadounidense, Joe Biden, de la carrera para contender por un segundo periodo al frente de la Casa Blanca. \u00abEs una decisi\u00f3n soberana, que corresponde a las autoridades y dirigentes de EEUU. Nosotros tenemos muy buena relaci\u00f3n con el presidente [&hellip;]<\/p>\n","protected":false},"author":38,"featured_media":241385,"comment_status":"closed","ping_status":"closed","sticky":false,"template":"","format":"standard","meta":{"footnotes":""},"categories":[11],"tags":[448],"class_list":{"0":"post-241384","1":"post","2":"type-post","3":"status-publish","4":"format-standard","5":"has-post-thumbnail","7":"category-politica","8":"tag-mundo"},"_links":{"self":[{"href":"https:\/\/elluchador.info\/index.php?rest_route=\/wp\/v2\/posts\/241384","targetHints":{"allow":["GET"]}}],"collection":[{"href":"https:\/\/elluchador.info\/index.php?rest_route=\/wp\/v2\/posts"}],"about":[{"href":"https:\/\/elluchador.info\/index.php?rest_route=\/wp\/v2\/types\/post"}],"author":[{"embeddable":true,"href":"https:\/\/elluchador.info\/index.php?rest_route=\/wp\/v2\/users\/38"}],"replies":[{"embeddable":true,"href":"https:\/\/elluchador.info\/index.php?rest_route=%2Fwp%2Fv2%2Fcomments&post=241384"}],"version-history":[{"count":1,"href":"https:\/\/elluchador.info\/index.php?rest_route=\/wp\/v2\/posts\/241384\/revisions"}],"predecessor-version":[{"id":241386,"href":"https:\/\/elluchador.info\/index.php?rest_route=\/wp\/v2\/posts\/241384\/revisions\/241386"}],"wp:featuredmedia":[{"embeddable":true,"href":"https:\/\/elluchador.info\/index.php?rest_route=\/wp\/v2\/media\/241385"}],"wp:attachment":[{"href":"https:\/\/elluchador.info\/index.php?rest_route=%2Fwp%2Fv2%2Fmedia&parent=241384"}],"wp:term":[{"taxonomy":"category","embeddable":true,"href":"https:\/\/elluchador.info\/index.php?rest_route=%2Fwp%2Fv2%2Fcategories&post=241384"},{"taxonomy":"post_tag","embeddable":true,"href":"https:\/\/elluchador.info\/index.php?rest_route=%2Fwp%2Fv2%2Ftags&post=241384"}],"curies":[{"name":"wp","href":"https:\/\/api.w.org\/{rel}","templated":true}]}}