{"id":241557,"date":"2024-07-22T16:23:12","date_gmt":"2024-07-22T20:23:12","guid":{"rendered":"https:\/\/elluchador.info\/?p=241557"},"modified":"2024-07-22T16:23:14","modified_gmt":"2024-07-22T20:23:14","slug":"messi-y-suarez-no-participaran-en-el-all-star-de-la-mls","status":"publish","type":"post","link":"https:\/\/elluchador.info\/?p=241557","title":{"rendered":"Messi y Su\u00e1rez, no participar\u00e1n en el All Star de la MLS"},"content":{"rendered":"\n<p>El argentino Lionel Messi y el uruguayo Luis Su\u00e1rez, delanteros del Inter Miami, no participar\u00e1n este mi\u00e9rcoles en el All Star de la MLS estadounidense, seg\u00fan inform\u00f3 la liga estadounidense.<\/p>\n\n\n\n<p>Messi arrastra problemas en los ligamentos del tobillo derecho sufridos en la final de la Copa Am\u00e9rica con Argentina y no consigui\u00f3 recuperarse a tiempo. Todav\u00eda no hay una fecha establecida para su regreso al terreno de juego.<\/p>\n\n\n\n<figure class=\"wp-block-embed is-type-rich is-provider-twitter wp-block-embed-twitter\"><div class=\"wp-block-embed__wrapper\">\n<blockquote class=\"twitter-tweet\" data-width=\"550\" data-dnt=\"true\"><p lang=\"en\" dir=\"ltr\">See you tomorrow \ud83d\udc4b <a href=\"https:\/\/t.co\/oDg7Nx79fK\">https:\/\/t.co\/oDg7Nx79fK<\/a><\/p>&mdash; Inter Miami CF (@InterMiamiCF) <a href=\"https:\/\/twitter.com\/InterMiamiCF\/status\/1815477920208667038?ref_src=twsrc%5Etfw\">July 22, 2024<\/a><\/blockquote><script async src=\"https:\/\/platform.twitter.com\/widgets.js\" charset=\"utf-8\"><\/script>\n<\/div><\/figure>\n\n\n\n<p>Luis Su\u00e1rez, su compa\u00f1ero en el Inter Miami, disput\u00f3 noventa minutos el pasado s\u00e1bado en el triunfo logrado contra el Chicago Fire, pero no formar\u00e1 parte de la plantilla de estrellas de la MLS.<\/p>\n\n\n\n<p>Por su parte, los espa\u00f1oles Sergio Busquets y Jordi Alba, del Inter Miami, al igual que su compatriota Riqui Puig, de Los \u00c1ngeles Galaxy, ya est\u00e1n confirmados.<\/p>\n\n\n\n<p>Con informaci\u00f3n <strong><em>Marca<\/em><\/strong><\/p>\n","protected":false},"excerpt":{"rendered":"<p>El argentino Lionel Messi y el uruguayo Luis Su\u00e1rez, delanteros del Inter Miami, no participar\u00e1n este mi\u00e9rcoles en el All Star de la MLS estadounidense, seg\u00fan inform\u00f3 la liga estadounidense. Messi arrastra problemas en los ligamentos del tobillo derecho sufridos en la final de la Copa Am\u00e9rica con Argentina y no consigui\u00f3 recuperarse a tiempo. [&hellip;]<\/p>\n","protected":false},"author":33,"featured_media":241558,"comment_status":"closed","ping_status":"closed","sticky":false,"template":"","format":"standard","meta":{"footnotes":""},"categories":[4],"tags":[1510,1511,1512],"class_list":{"0":"post-241557","1":"post","2":"type-post","3":"status-publish","4":"format-standard","5":"has-post-thumbnail","7":"category-deportes","8":"tag-inter-miami","9":"tag-messi","10":"tag-suarez"},"_links":{"self":[{"href":"https:\/\/elluchador.info\/index.php?rest_route=\/wp\/v2\/posts\/241557","targetHints":{"allow":["GET"]}}],"collection":[{"href":"https:\/\/elluchador.info\/index.php?rest_route=\/wp\/v2\/posts"}],"about":[{"href":"https:\/\/elluchador.info\/index.php?rest_route=\/wp\/v2\/types\/post"}],"author":[{"embeddable":true,"href":"https:\/\/elluchador.info\/index.php?rest_route=\/wp\/v2\/users\/33"}],"replies":[{"embeddable":true,"href":"https:\/\/elluchador.info\/index.php?rest_route=%2Fwp%2Fv2%2Fcomments&post=241557"}],"version-history":[{"count":1,"href":"https:\/\/elluchador.info\/index.php?rest_route=\/wp\/v2\/posts\/241557\/revisions"}],"predecessor-version":[{"id":241559,"href":"https:\/\/elluchador.info\/index.php?rest_route=\/wp\/v2\/posts\/241557\/revisions\/241559"}],"wp:featuredmedia":[{"embeddable":true,"href":"https:\/\/elluchador.info\/index.php?rest_route=\/wp\/v2\/media\/241558"}],"wp:attachment":[{"href":"https:\/\/elluchador.info\/index.php?rest_route=%2Fwp%2Fv2%2Fmedia&parent=241557"}],"wp:term":[{"taxonomy":"category","embeddable":true,"href":"https:\/\/elluchador.info\/index.php?rest_route=%2Fwp%2Fv2%2Fcategories&post=241557"},{"taxonomy":"post_tag","embeddable":true,"href":"https:\/\/elluchador.info\/index.php?rest_route=%2Fwp%2Fv2%2Ftags&post=241557"}],"curies":[{"name":"wp","href":"https:\/\/api.w.org\/{rel}","templated":true}]}}