{"id":241757,"date":"2024-07-24T13:18:50","date_gmt":"2024-07-24T17:18:50","guid":{"rendered":"https:\/\/elluchador.info\/?p=241757"},"modified":"2024-07-24T13:18:52","modified_gmt":"2024-07-24T17:18:52","slug":"karol-g-entre-lagrimas-culmino-su-exitoso-tour-manana-sera-bonito","status":"publish","type":"post","link":"https:\/\/elluchador.info\/?p=241757","title":{"rendered":"Karol G entre l\u00e1grimas culmin\u00f3 su exitoso tour \u00abMa\u00f1ana Ser\u00e1 Bonito\u00bb"},"content":{"rendered":"\n<p>Karol G ha terminado su gira europea con un ba\u00f1o de multitudes en Madrid, una euforia que comenz\u00f3 el s\u00e1bado por la noche y que la colombiana ha cerrado este martes con una declaraci\u00f3n de intenciones: \u00abva a ser la noche m\u00e1s chimba de mi vida\u00bb, dijo al comienzo del concierto al cantante.<\/p>\n\n\n\n<p>\u00abQue no acabe nunca\u00bb, era el deseo de la cantante nada m\u00e1s comenzar, pero acab\u00f3, eso s\u00ed sin la sorpresa final que hab\u00eda corrido como la p\u00f3lvora durante la tarde: Shakira no comparti\u00f3 escenario con ella, como se hab\u00eda rumoreado. De hecho, la primera canci\u00f3n fue la que ambas compusieron. Pero ni la de Barranquilla ni ning\u00fan otro artista como en noches anteriores.<\/p>\n\n\n\n<p>Con la emoci\u00f3n de la \u00faltima noche en el rostro, <strong>La Bichota<\/strong> arranc\u00f3 el concierto con un cambio de look durante sus primeras canciones, donde apareci\u00f3 como una sirena ante sus miles de admiradores con el cabello azul, para varias canciones despu\u00e9s, pasar a lucir su melena de fuego, roja.<\/p>\n\n\n\n<figure class=\"wp-block-embed is-type-rich is-provider-twitter wp-block-embed-twitter\"><div class=\"wp-block-embed__wrapper\">\n<blockquote class=\"twitter-tweet\" data-width=\"550\" data-dnt=\"true\"><p lang=\"es\" dir=\"ltr\">Karol G. Madrid. Cierre apote\u00f3sico en un Bernab\u00e9u extasiado. Ya ha hecho historia. <a href=\"https:\/\/t.co\/EcPmQ9Urcl\">pic.twitter.com\/EcPmQ9Urcl<\/a><\/p>&mdash; Xavi Mart\u00ednez (@xavimartinez) <a href=\"https:\/\/twitter.com\/xavimartinez\/status\/1816063792465535059?ref_src=twsrc%5Etfw\">July 24, 2024<\/a><\/blockquote><script async src=\"https:\/\/platform.twitter.com\/widgets.js\" charset=\"utf-8\"><\/script>\n<\/div><\/figure>\n\n\n\n<p>Sin embargo, no decepcion\u00f3 y con un espectacular vestido de cuello halter y capa blanca ribeteada en plumas, recuper\u00f3 su pelo rosa.<\/p>\n\n\n\n<p>Pero, esta noche, la expectaci\u00f3n no estaba solo en el Bernab\u00e9u, a uno y otro lado del Atl\u00e1ntico, el canal de Youtube echaba humo. Los fans de la cantante contaban las horas para ver este \u00faltimo concierto gratis.<\/p>\n\n\n\n<p>A las 12 de la noche, hora espa\u00f1ola y a las 17 hora de Colombia comenz\u00f3 a retransmitirse el concierto de este martes, con m\u00e1s de 500.000 usuarios que sub\u00edan segundo a segundo, a la media hora se acercaban a los 800.000.<\/p>\n\n\n\n<figure class=\"wp-block-embed is-type-rich is-provider-twitter wp-block-embed-twitter\"><div class=\"wp-block-embed__wrapper\">\n<blockquote class=\"twitter-tweet\" data-width=\"550\" data-dnt=\"true\"><p lang=\"es\" dir=\"ltr\">Karol G cantando &quot;EL BARCO&quot; en su \u00faltima noche del Msb Tour en el Estadio Bernab\u00e9u <a href=\"https:\/\/t.co\/WKhES1b69G\">pic.twitter.com\/WKhES1b69G<\/a><\/p>&mdash; Karol G Records (@KarolGRecords) <a href=\"https:\/\/twitter.com\/KarolGRecords\/status\/1816137120144318966?ref_src=twsrc%5Etfw\">July 24, 2024<\/a><\/blockquote><script async src=\"https:\/\/platform.twitter.com\/widgets.js\" charset=\"utf-8\"><\/script>\n<\/div><\/figure>\n\n\n\n<p>Con Ma\u00f1ana Ser\u00e1 Bonito Europe Summer Tour ha conseguido la haza\u00f1a de llenar el estadio Santiago Bernab\u00e9u cuatro noches seguidas, con 240.000 seguidores que han coreado sin parar cada una de sus letras.<\/p>\n\n\n\n<figure class=\"wp-block-embed is-type-rich is-provider-twitter wp-block-embed-twitter\"><div class=\"wp-block-embed__wrapper\">\n<blockquote class=\"twitter-tweet\" data-width=\"550\" data-dnt=\"true\"><p lang=\"es\" dir=\"ltr\">La calidad de la transmisi\u00f3n, el manejo de c\u00e1maras, los \u00e1ngulos para mostrar la inmensidad del Bernab\u00e9u. Lo de Karol G es hist\u00f3rico y es imposible no alegrarse por el \u00e9xito que est\u00e1 teniendo una mujer colombiana en la industria. <a href=\"https:\/\/t.co\/l8t1ik81oW\">pic.twitter.com\/l8t1ik81oW<\/a><\/p>&mdash; red wine supernova (@JairoSoto) <a href=\"https:\/\/twitter.com\/JairoSoto\/status\/1815880642711937286?ref_src=twsrc%5Etfw\">July 23, 2024<\/a><\/blockquote><script async src=\"https:\/\/platform.twitter.com\/widgets.js\" charset=\"utf-8\"><\/script>\n<\/div><\/figure>\n\n\n\n<p>Seg\u00fan ha comunicado la promotora Live Nation, Karol G es la artista que m\u00e1s entradas ha vendido en Espa\u00f1a, donde ha superado a la banda Coldplay, que actu\u00f3 cuatro noches en 2023 en el Estadio Ol\u00edmpico de Barcelona.<\/p>\n\n\n\n<p>Con informaci\u00f3n <strong><em>Semana<\/em><\/strong><\/p>\n","protected":false},"excerpt":{"rendered":"<p>Karol G ha terminado su gira europea con un ba\u00f1o de multitudes en Madrid, una euforia que comenz\u00f3 el s\u00e1bado por la noche y que la colombiana ha cerrado este martes con una declaraci\u00f3n de intenciones: \u00abva a ser la noche m\u00e1s chimba de mi vida\u00bb, dijo al comienzo del concierto al cantante. \u00abQue no [&hellip;]<\/p>\n","protected":false},"author":33,"featured_media":241758,"comment_status":"closed","ping_status":"closed","sticky":false,"template":"","format":"standard","meta":{"footnotes":""},"categories":[7],"tags":[1495,1532],"class_list":{"0":"post-241757","1":"post","2":"type-post","3":"status-publish","4":"format-standard","5":"has-post-thumbnail","7":"category-entretenimiento","8":"tag-karol-g","9":"tag-manana-sera-bonito"},"_links":{"self":[{"href":"https:\/\/elluchador.info\/index.php?rest_route=\/wp\/v2\/posts\/241757","targetHints":{"allow":["GET"]}}],"collection":[{"href":"https:\/\/elluchador.info\/index.php?rest_route=\/wp\/v2\/posts"}],"about":[{"href":"https:\/\/elluchador.info\/index.php?rest_route=\/wp\/v2\/types\/post"}],"author":[{"embeddable":true,"href":"https:\/\/elluchador.info\/index.php?rest_route=\/wp\/v2\/users\/33"}],"replies":[{"embeddable":true,"href":"https:\/\/elluchador.info\/index.php?rest_route=%2Fwp%2Fv2%2Fcomments&post=241757"}],"version-history":[{"count":1,"href":"https:\/\/elluchador.info\/index.php?rest_route=\/wp\/v2\/posts\/241757\/revisions"}],"predecessor-version":[{"id":241759,"href":"https:\/\/elluchador.info\/index.php?rest_route=\/wp\/v2\/posts\/241757\/revisions\/241759"}],"wp:featuredmedia":[{"embeddable":true,"href":"https:\/\/elluchador.info\/index.php?rest_route=\/wp\/v2\/media\/241758"}],"wp:attachment":[{"href":"https:\/\/elluchador.info\/index.php?rest_route=%2Fwp%2Fv2%2Fmedia&parent=241757"}],"wp:term":[{"taxonomy":"category","embeddable":true,"href":"https:\/\/elluchador.info\/index.php?rest_route=%2Fwp%2Fv2%2Fcategories&post=241757"},{"taxonomy":"post_tag","embeddable":true,"href":"https:\/\/elluchador.info\/index.php?rest_route=%2Fwp%2Fv2%2Ftags&post=241757"}],"curies":[{"name":"wp","href":"https:\/\/api.w.org\/{rel}","templated":true}]}}