{"id":241796,"date":"2024-07-24T18:15:38","date_gmt":"2024-07-24T22:15:38","guid":{"rendered":"https:\/\/elluchador.info\/?p=241796"},"modified":"2024-07-24T18:15:42","modified_gmt":"2024-07-24T22:15:42","slug":"condenada-a-18-anos-de-carcel-por-asesinar-a-su-bebe","status":"publish","type":"post","link":"https:\/\/elluchador.info\/?p=241796","title":{"rendered":"Condenada a 18 a\u00f1os de c\u00e1rcel por asesinar a su beb\u00e9"},"content":{"rendered":"\n<p>Ante el acervo probatorio presentado por el Ministerio P\u00fablico, fue condenada a 18 a\u00f1os de prisi\u00f3n Andre\u00edna del Carmen Lugo Andrade (31) por la muerte de su beb\u00e9 de un d\u00eda de nacida, hecho ocurrido el pasado 6 de mayo en el interior de una vivienda del sector Andr\u00e9s Bello de Acarigua, municipio P\u00e1ez del estado Portuguesa.<\/p>\n\n\n\n<p>Ese d\u00eda, funcionarios del Cuerpo de Investigaciones Cient\u00edficas, Penales y Criminal\u00edsticas recibieron una informaci\u00f3n referente a una mujer que dio a luz a una ni\u00f1a, a quien sepult\u00f3 en el patio de su residencia.<\/p>\n\n\n\n<p>Luego de labores y experticias de investigaci\u00f3n coordinadas por el Ministerio P\u00fablico, se ubic\u00f3 el cad\u00e1ver del neonato en el lugar enterrado, envuelto en bolsas, telas y con cinta adhesiva.<\/p>\n\n\n\n<p>Ante tales evidencias, la agresora fue aprehendida inmediatamente por los efectivos del referido cuerpo detectivesco.<\/p>\n\n\n\n<p>En la audiencia preliminar, representantes de la Fiscal\u00eda 7\u00aa del segundo circuito de la referida jurisdicci\u00f3n ratificaron la acusaci\u00f3n contra Lugo Andrade por el delito homicidio Intencional calificado en perjuicio de un descendiente.<\/p>\n\n\n\n<p>Una vez evaluados los medios de prueba presentados por los fiscales del caso, el Tribunal 1\u00b0 de Control de Acarigua dict\u00f3 la citada condena contra la mujer, quien cumplir\u00e1 la pena en el Internado Judicial de Barinas.<\/p>\n\n\n\n<p>Con informaci\u00f3n del <strong><em>Ministerio P\u00fablico<\/em><\/strong><\/p>\n","protected":false},"excerpt":{"rendered":"<p>Ante el acervo probatorio presentado por el Ministerio P\u00fablico, fue condenada a 18 a\u00f1os de prisi\u00f3n Andre\u00edna del Carmen Lugo Andrade (31) por la muerte de su beb\u00e9 de un d\u00eda de nacida, hecho ocurrido el pasado 6 de mayo en el interior de una vivienda del sector Andr\u00e9s Bello de Acarigua, municipio P\u00e1ez del [&hellip;]<\/p>\n","protected":false},"author":33,"featured_media":241797,"comment_status":"closed","ping_status":"closed","sticky":false,"template":"","format":"standard","meta":{"footnotes":""},"categories":[13],"tags":[1543,495,313],"class_list":{"0":"post-241796","1":"post","2":"type-post","3":"status-publish","4":"format-standard","5":"has-post-thumbnail","7":"category-sucesos","8":"tag-asesina","9":"tag-bebe","10":"tag-mujer"},"_links":{"self":[{"href":"https:\/\/elluchador.info\/index.php?rest_route=\/wp\/v2\/posts\/241796","targetHints":{"allow":["GET"]}}],"collection":[{"href":"https:\/\/elluchador.info\/index.php?rest_route=\/wp\/v2\/posts"}],"about":[{"href":"https:\/\/elluchador.info\/index.php?rest_route=\/wp\/v2\/types\/post"}],"author":[{"embeddable":true,"href":"https:\/\/elluchador.info\/index.php?rest_route=\/wp\/v2\/users\/33"}],"replies":[{"embeddable":true,"href":"https:\/\/elluchador.info\/index.php?rest_route=%2Fwp%2Fv2%2Fcomments&post=241796"}],"version-history":[{"count":1,"href":"https:\/\/elluchador.info\/index.php?rest_route=\/wp\/v2\/posts\/241796\/revisions"}],"predecessor-version":[{"id":241798,"href":"https:\/\/elluchador.info\/index.php?rest_route=\/wp\/v2\/posts\/241796\/revisions\/241798"}],"wp:featuredmedia":[{"embeddable":true,"href":"https:\/\/elluchador.info\/index.php?rest_route=\/wp\/v2\/media\/241797"}],"wp:attachment":[{"href":"https:\/\/elluchador.info\/index.php?rest_route=%2Fwp%2Fv2%2Fmedia&parent=241796"}],"wp:term":[{"taxonomy":"category","embeddable":true,"href":"https:\/\/elluchador.info\/index.php?rest_route=%2Fwp%2Fv2%2Fcategories&post=241796"},{"taxonomy":"post_tag","embeddable":true,"href":"https:\/\/elluchador.info\/index.php?rest_route=%2Fwp%2Fv2%2Ftags&post=241796"}],"curies":[{"name":"wp","href":"https:\/\/api.w.org\/{rel}","templated":true}]}}