{"id":242030,"date":"2024-07-26T17:38:04","date_gmt":"2024-07-26T21:38:04","guid":{"rendered":"https:\/\/elluchador.info\/?p=242030"},"modified":"2024-07-26T17:38:09","modified_gmt":"2024-07-26T21:38:09","slug":"inac-desmiente-declaraciones-del-presidente-de-panama-sobre-espacio-aereo-venezolano","status":"publish","type":"post","link":"https:\/\/elluchador.info\/?p=242030","title":{"rendered":"INAC desmiente declaraciones del presidente de Panam\u00e1 sobre espacio a\u00e9reo venezolano"},"content":{"rendered":"\n<p>El Instituto Nacional de Aeron\u00e1utica Civil (INAC) desminti\u00f3 este viernes las declaraciones de Jos\u00e9 Ra\u00fal Mulino, presidente de Panam\u00e1, sobre el espacio a\u00e9reo venezolano y la supuesta prohibici\u00f3n de despegue del avi\u00f3n de Copa Airlines.<\/p>\n\n\n\n<p>A trav\u00e9s de su cuenta en X, antes Twitter, el INAC enfatiz\u00f3 que el espacio a\u00e9reo venezolano se encuentra ejecutando sus labores con normalidad. Asimismo, se\u00f1ala que actualmente en el Flight Radar, se observan tres vuelos de Copa Airlines operando dentro del espacio a\u00e9reo venezolano.<\/p>\n\n\n\n<p>Cabe destacar, que m\u00e1s temprano el presidente paname\u00f1o, Jos\u00e9 Ra\u00fal Mulino, inform\u00f3 que en el avi\u00f3n de Copa Airlines, viajan los expresidentes de la delegaci\u00f3n del grupo IDEA invitados por Mar\u00eda Corina Machado y Edmundo Gonz\u00e1lez Urrutia. Entre ellos se encuentran Vicente Fox, Tuto Quiroga, Mireya Moscoso, Miguel Angel Rodriguez y la exvicepresidenta Marta Lucia Ramirez .<\/p>\n\n\n\n<p>Esta delegaci\u00f3n habr\u00eda sido invitada por parte del candidato Edmundo Gonz\u00e1lez y la dirigente Mar\u00eda Corina Machado, para participar como observadores internacionales durante las elecciones presidenciales del domingo 28 de julio.<\/p>\n\n\n\n<p>De acuerdo con las declaraciones de Mulino a trav\u00e9s de su cuenta en X, el avi\u00f3n no pod\u00eda despegar desde Panam\u00e1 debido al cierre del espacio a\u00e9reo. Asimismo coment\u00f3 que otro vuelo estar\u00eda en las mismas condiciones, destacando que se trata desde Caracas a Panam\u00e1.<\/p>\n\n\n\n<figure class=\"wp-block-embed is-type-rich is-provider-twitter wp-block-embed-twitter\"><div class=\"wp-block-embed__wrapper\">\n<blockquote class=\"twitter-tweet\" data-width=\"550\" data-dnt=\"true\"><p lang=\"es\" dir=\"ltr\"><a href=\"https:\/\/twitter.com\/hashtag\/INACInforma?src=hash&amp;ref_src=twsrc%5Etfw\">#INACInforma<\/a> \ud83d\udea8 | Es falsa la informaci\u00f3n generada a trav\u00e9s de la cuenta del mandatario paname\u00f1o <a href=\"https:\/\/twitter.com\/JoseRaulMulino?ref_src=twsrc%5Etfw\">@JoseRaulMulino<\/a>. Desde la Autoridad Aeron\u00e1utica Venezolana ratificamos que las operaciones a\u00e9reas se ejecutan con total normalidad. Actualmente en el Flight Radar se pueden observar\u2026 <a href=\"https:\/\/t.co\/tYGNQ98J5E\">pic.twitter.com\/tYGNQ98J5E<\/a><\/p>&mdash; Instituto Nacional de Aeron\u00e1utica Civil (INAC) (@InacVzla) <a href=\"https:\/\/twitter.com\/InacVzla\/status\/1816929658799358384?ref_src=twsrc%5Etfw\">July 26, 2024<\/a><\/blockquote><script async src=\"https:\/\/platform.twitter.com\/widgets.js\" charset=\"utf-8\"><\/script>\n<\/div><\/figure>\n\n\n\n<p><strong><em>Con informaci\u00f3n de RRSS.<\/em><\/strong><\/p>\n","protected":false},"excerpt":{"rendered":"<p>El Instituto Nacional de Aeron\u00e1utica Civil (INAC) desminti\u00f3 este viernes las declaraciones de Jos\u00e9 Ra\u00fal Mulino, presidente de Panam\u00e1, sobre el espacio a\u00e9reo venezolano y la supuesta prohibici\u00f3n de despegue del avi\u00f3n de Copa Airlines. A trav\u00e9s de su cuenta en X, antes Twitter, el INAC enfatiz\u00f3 que el espacio a\u00e9reo venezolano se encuentra ejecutando [&hellip;]<\/p>\n","protected":false},"author":2,"featured_media":242031,"comment_status":"closed","ping_status":"closed","sticky":false,"template":"","format":"standard","meta":{"footnotes":""},"categories":[9],"tags":[],"class_list":{"0":"post-242030","1":"post","2":"type-post","3":"status-publish","4":"format-standard","5":"has-post-thumbnail","7":"category-nacionales"},"_links":{"self":[{"href":"https:\/\/elluchador.info\/index.php?rest_route=\/wp\/v2\/posts\/242030","targetHints":{"allow":["GET"]}}],"collection":[{"href":"https:\/\/elluchador.info\/index.php?rest_route=\/wp\/v2\/posts"}],"about":[{"href":"https:\/\/elluchador.info\/index.php?rest_route=\/wp\/v2\/types\/post"}],"author":[{"embeddable":true,"href":"https:\/\/elluchador.info\/index.php?rest_route=\/wp\/v2\/users\/2"}],"replies":[{"embeddable":true,"href":"https:\/\/elluchador.info\/index.php?rest_route=%2Fwp%2Fv2%2Fcomments&post=242030"}],"version-history":[{"count":1,"href":"https:\/\/elluchador.info\/index.php?rest_route=\/wp\/v2\/posts\/242030\/revisions"}],"predecessor-version":[{"id":242032,"href":"https:\/\/elluchador.info\/index.php?rest_route=\/wp\/v2\/posts\/242030\/revisions\/242032"}],"wp:featuredmedia":[{"embeddable":true,"href":"https:\/\/elluchador.info\/index.php?rest_route=\/wp\/v2\/media\/242031"}],"wp:attachment":[{"href":"https:\/\/elluchador.info\/index.php?rest_route=%2Fwp%2Fv2%2Fmedia&parent=242030"}],"wp:term":[{"taxonomy":"category","embeddable":true,"href":"https:\/\/elluchador.info\/index.php?rest_route=%2Fwp%2Fv2%2Fcategories&post=242030"},{"taxonomy":"post_tag","embeddable":true,"href":"https:\/\/elluchador.info\/index.php?rest_route=%2Fwp%2Fv2%2Ftags&post=242030"}],"curies":[{"name":"wp","href":"https:\/\/api.w.org\/{rel}","templated":true}]}}