{"id":242033,"date":"2024-07-26T17:49:12","date_gmt":"2024-07-26T21:49:12","guid":{"rendered":"https:\/\/elluchador.info\/?p=242033"},"modified":"2024-07-26T17:49:16","modified_gmt":"2024-07-26T21:49:16","slug":"celine-dion-se-emociono-al-cantar-en-los-juegos-olimpicos-de-paris","status":"publish","type":"post","link":"https:\/\/elluchador.info\/?p=242033","title":{"rendered":"C\u00e9line Dion se emocion\u00f3 al cantar en los Juegos Ol\u00edmpicos de Par\u00eds"},"content":{"rendered":"\n<p>La cantante canadiense\u00a0<strong>C\u00e9line Dion<\/strong>\u00a0reapareci\u00f3 para cantar en p\u00fablico en el marco de la ceremonia de apertura de los Juegos Ol\u00edmpicos de Par\u00eds 2024.<\/p>\n\n\n\n<p><strong>C\u00e9line<\/strong>\u00a0se emocion\u00f3 al cantar en los Juegos Ol\u00edmpicos de Par\u00eds tras el diagn\u00f3stico de su enfermedad. Luego de los rumores que aseguraban que iba a estar durante la ceremonia inaugural de los JJOO, la cantante gener\u00f3 furor en el p\u00fablico al entonar\u00a0<strong>\u201cl\u2019Hymne \u00e0 l\u2019amour (Oda al amor)\u201d<\/strong>\u00a0de Edith Piaf.<\/p>\n\n\n\n<figure class=\"wp-block-embed is-type-rich is-provider-twitter wp-block-embed-twitter\"><div class=\"wp-block-embed__wrapper\">\n<blockquote class=\"twitter-tweet\" data-width=\"550\" data-dnt=\"true\"><p lang=\"fr\" dir=\"ltr\">\ud83c\uddeb\ud83c\uddf7 LA L\u00c9GENDE C\u00c9LINE <a href=\"https:\/\/twitter.com\/hashtag\/DION?src=hash&amp;ref_src=twsrc%5Etfw\">#DION<\/a> CL\u00d4TURE LA FIN DE LA C\u00c9R\u00c9MONIE DES JO DE <a href=\"https:\/\/twitter.com\/hashtag\/PARIS2024?src=hash&amp;ref_src=twsrc%5Etfw\">#PARIS2024<\/a>.<br><br> <a href=\"https:\/\/t.co\/1eH2NmIjTl\">pic.twitter.com\/1eH2NmIjTl<\/a><\/p>&mdash; Cerfia (@CerfiaFR) <a href=\"https:\/\/twitter.com\/CerfiaFR\/status\/1816949008704897310?ref_src=twsrc%5Etfw\">July 26, 2024<\/a><\/blockquote><script async src=\"https:\/\/platform.twitter.com\/widgets.js\" charset=\"utf-8\"><\/script>\n<\/div><\/figure>\n\n\n\n<p>La int\u00e9rprete\u00a0cant\u00f3 en franc\u00e9s desde la cima de la Torre Eiffel. La ceremonia se llev\u00f3 a cabo en el r\u00edo Sena y alrededores, pasando por diferentes lugares emblem\u00e1ticos de la ciudad de Par\u00eds. <\/p>\n\n\n\n<p>Con un vestido blanco de mangas largas, cuello alto y bordado en lentejuelas, la artista cautiv\u00f3 al p\u00fablico al cantar en franc\u00e9s.<\/p>\n\n\n\n<figure class=\"wp-block-embed is-type-rich is-provider-twitter wp-block-embed-twitter\"><div class=\"wp-block-embed__wrapper\">\n<blockquote class=\"twitter-tweet\" data-width=\"550\" data-dnt=\"true\"><p lang=\"en\" dir=\"ltr\">C\u00c9LINE DION <br><br>BRAVE IS UNBEATABLE <br><br>THE RALLYING CRY FOR TEAM CANADA<br><br>AND SHE\u2019S LIVING IT <a href=\"https:\/\/t.co\/zSzww3xyft\">pic.twitter.com\/zSzww3xyft<\/a><\/p>&mdash; Devin Heroux (@Devin_Heroux) <a href=\"https:\/\/twitter.com\/Devin_Heroux\/status\/1816948422131212450?ref_src=twsrc%5Etfw\">July 26, 2024<\/a><\/blockquote><script async src=\"https:\/\/platform.twitter.com\/widgets.js\" charset=\"utf-8\"><\/script>\n<\/div><\/figure>\n\n\n\n<p>No es la primera vez que lo hace, pues en los Juegos Ol\u00edmpicos de Atlanta, en 1996,&nbsp;<strong>tambi\u00e9n particip\u00f3 de la ceremonia. En esa ocasi\u00f3n canto \u2018The power of the dream\u2019.&nbsp;<\/strong><\/p>\n\n\n\n<p>Sin embargo, en esta oportunidad el reto es mayor, pues seg\u00fan cont\u00f3 en su documental,&nbsp;<strong>las crisis del s\u00edndrome de persona r\u00edgida pueden llegar de manera inesperada<\/strong>, especialmente cuando su cerebro se sobreestimula, algo que le ocurre al cantar.&nbsp;<\/p>\n\n\n\n<p>Recordemos que la artista\u00a0<strong>hab\u00eda permanecido alejada de los escenarios desde que fue diagnosticada con S\u00edndrome de la Persona R\u00edgida en 2022<\/strong>. Se trata de una enfermedad neurol\u00f3gica que afecta al sistema nervioso central, produciendo rigidez muscular progresiva y espasmos.<\/p>\n\n\n\n<p><strong><em>Con informaci\u00f3n de agencias.<\/em><\/strong><\/p>\n","protected":false},"excerpt":{"rendered":"<p>La cantante canadiense\u00a0C\u00e9line Dion\u00a0reapareci\u00f3 para cantar en p\u00fablico en el marco de la ceremonia de apertura de los Juegos Ol\u00edmpicos de Par\u00eds 2024. C\u00e9line\u00a0se emocion\u00f3 al cantar en los Juegos Ol\u00edmpicos de Par\u00eds tras el diagn\u00f3stico de su enfermedad. Luego de los rumores que aseguraban que iba a estar durante la ceremonia inaugural de los [&hellip;]<\/p>\n","protected":false},"author":2,"featured_media":242034,"comment_status":"closed","ping_status":"closed","sticky":false,"template":"","format":"standard","meta":{"footnotes":""},"categories":[7],"tags":[],"class_list":{"0":"post-242033","1":"post","2":"type-post","3":"status-publish","4":"format-standard","5":"has-post-thumbnail","7":"category-entretenimiento"},"_links":{"self":[{"href":"https:\/\/elluchador.info\/index.php?rest_route=\/wp\/v2\/posts\/242033","targetHints":{"allow":["GET"]}}],"collection":[{"href":"https:\/\/elluchador.info\/index.php?rest_route=\/wp\/v2\/posts"}],"about":[{"href":"https:\/\/elluchador.info\/index.php?rest_route=\/wp\/v2\/types\/post"}],"author":[{"embeddable":true,"href":"https:\/\/elluchador.info\/index.php?rest_route=\/wp\/v2\/users\/2"}],"replies":[{"embeddable":true,"href":"https:\/\/elluchador.info\/index.php?rest_route=%2Fwp%2Fv2%2Fcomments&post=242033"}],"version-history":[{"count":1,"href":"https:\/\/elluchador.info\/index.php?rest_route=\/wp\/v2\/posts\/242033\/revisions"}],"predecessor-version":[{"id":242035,"href":"https:\/\/elluchador.info\/index.php?rest_route=\/wp\/v2\/posts\/242033\/revisions\/242035"}],"wp:featuredmedia":[{"embeddable":true,"href":"https:\/\/elluchador.info\/index.php?rest_route=\/wp\/v2\/media\/242034"}],"wp:attachment":[{"href":"https:\/\/elluchador.info\/index.php?rest_route=%2Fwp%2Fv2%2Fmedia&parent=242033"}],"wp:term":[{"taxonomy":"category","embeddable":true,"href":"https:\/\/elluchador.info\/index.php?rest_route=%2Fwp%2Fv2%2Fcategories&post=242033"},{"taxonomy":"post_tag","embeddable":true,"href":"https:\/\/elluchador.info\/index.php?rest_route=%2Fwp%2Fv2%2Ftags&post=242033"}],"curies":[{"name":"wp","href":"https:\/\/api.w.org\/{rel}","templated":true}]}}