{"id":242264,"date":"2024-07-28T12:35:02","date_gmt":"2024-07-28T16:35:02","guid":{"rendered":"https:\/\/elluchador.info\/?p=242264"},"modified":"2024-07-28T12:35:06","modified_gmt":"2024-07-28T16:35:06","slug":"diosdado-cabello-que-no-se-quede-nadie-en-su-casa","status":"publish","type":"post","link":"https:\/\/elluchador.info\/?p=242264","title":{"rendered":"Diosdado Cabello: Que no se quede nadie en su casa"},"content":{"rendered":"\n<p>El primer vicepresidente del Psuv, Diosdado Cabello, afirm\u00f3 que el pa\u00eds est\u00e1 votando en paz.<\/p>\n\n\n\n<p>\u00bbHoy los venezolanos apuestan a la paz, el progreso y la soberan\u00eda y se est\u00e1 ejerciendo el derecho al voto sin ning\u00fan problema. Este pueblo ha demostrado un alt\u00edsimo nivel de civismo y de proteger sus instituciones\u00bb.<\/p>\n\n\n\n<p>Cabello ejerci\u00f3 su voto en el Furrial, estado Monagas, en compa\u00f1\u00eda de sus familiares.<\/p>\n\n\n\n<p>\u00bbVenezuela sale a votar en paz y esa paz tenemos que garantizarla. El plan Rep\u00fablica y el CNE haciendo su trabajo, y los ciudadanos ejerciendo su derecho al voto en una democracia. La garant\u00eda del voto est\u00e1 mucho m\u00e1s que asegurada porque cada persona es un voto\u00bb.<\/p>\n\n\n\n<p>Hizo un llamado a \u00bbque no se quede nadie en su casa, los ojos del mundo est\u00e1n puestos sobre Venezuela. Estamos obligados a preservar la democracia\u00bb.<\/p>\n\n\n\n<p>Dijo que desde su cargo partidista est\u00e1 recibiendo reportes de c\u00f3mo va la votaci\u00f3n, \u00bbel pueblo est\u00e1 en la calle, sobre todo en los sectores populares, este va a ser uno de los eventos donde va a haber una buena participaci\u00f3n y se va a respetar lo que diga el pueblo\u00bb.<\/p>\n\n\n\n<p>Con informaci\u00f3n <strong><em>Uni\u00f3n Radio<\/em><\/strong><\/p>\n","protected":false},"excerpt":{"rendered":"<p>El primer vicepresidente del Psuv, Diosdado Cabello, afirm\u00f3 que el pa\u00eds est\u00e1 votando en paz. \u00bbHoy los venezolanos apuestan a la paz, el progreso y la soberan\u00eda y se est\u00e1 ejerciendo el derecho al voto sin ning\u00fan problema. Este pueblo ha demostrado un alt\u00edsimo nivel de civismo y de proteger sus instituciones\u00bb. Cabello ejerci\u00f3 su [&hellip;]<\/p>\n","protected":false},"author":33,"featured_media":242265,"comment_status":"closed","ping_status":"closed","sticky":false,"template":"","format":"standard","meta":{"footnotes":""},"categories":[9],"tags":[1569,284],"class_list":{"0":"post-242264","1":"post","2":"type-post","3":"status-publish","4":"format-standard","5":"has-post-thumbnail","7":"category-nacionales","8":"tag-cabello","9":"tag-psuv"},"_links":{"self":[{"href":"https:\/\/elluchador.info\/index.php?rest_route=\/wp\/v2\/posts\/242264","targetHints":{"allow":["GET"]}}],"collection":[{"href":"https:\/\/elluchador.info\/index.php?rest_route=\/wp\/v2\/posts"}],"about":[{"href":"https:\/\/elluchador.info\/index.php?rest_route=\/wp\/v2\/types\/post"}],"author":[{"embeddable":true,"href":"https:\/\/elluchador.info\/index.php?rest_route=\/wp\/v2\/users\/33"}],"replies":[{"embeddable":true,"href":"https:\/\/elluchador.info\/index.php?rest_route=%2Fwp%2Fv2%2Fcomments&post=242264"}],"version-history":[{"count":1,"href":"https:\/\/elluchador.info\/index.php?rest_route=\/wp\/v2\/posts\/242264\/revisions"}],"predecessor-version":[{"id":242266,"href":"https:\/\/elluchador.info\/index.php?rest_route=\/wp\/v2\/posts\/242264\/revisions\/242266"}],"wp:featuredmedia":[{"embeddable":true,"href":"https:\/\/elluchador.info\/index.php?rest_route=\/wp\/v2\/media\/242265"}],"wp:attachment":[{"href":"https:\/\/elluchador.info\/index.php?rest_route=%2Fwp%2Fv2%2Fmedia&parent=242264"}],"wp:term":[{"taxonomy":"category","embeddable":true,"href":"https:\/\/elluchador.info\/index.php?rest_route=%2Fwp%2Fv2%2Fcategories&post=242264"},{"taxonomy":"post_tag","embeddable":true,"href":"https:\/\/elluchador.info\/index.php?rest_route=%2Fwp%2Fv2%2Ftags&post=242264"}],"curies":[{"name":"wp","href":"https:\/\/api.w.org\/{rel}","templated":true}]}}