{"id":242367,"date":"2024-07-29T14:47:19","date_gmt":"2024-07-29T18:47:19","guid":{"rendered":"https:\/\/elluchador.info\/?p=242367"},"modified":"2024-07-29T14:47:24","modified_gmt":"2024-07-29T18:47:24","slug":"panama-retira-a-su-personal-diplomatico-de-venezuela","status":"publish","type":"post","link":"https:\/\/elluchador.info\/?p=242367","title":{"rendered":"Panam\u00e1 retira a su personal diplom\u00e1tico de Venezuela"},"content":{"rendered":"\n<p>El presidente de Panam\u00e1, Jos\u00e9 Ra\u00fal Mulino, anunci\u00f3 este lunes que suspender\u00eda las relaciones diplom\u00e1ticas con Venezuela y retirar\u00eda a su personal en Caracas, luego de los comicios presidenciales celebrados el domingo en esa naci\u00f3n suramericana, donde result\u00f3 reelecto el mandatario Nicol\u00e1s Maduro.<\/p>\n\n\n\n<p>\u00abEl Gobierno de Panam\u00e1 anuncia el retiro del personal diplom\u00e1tico de Venezuela\u00bb y pone \u00aben suspenso las relaciones diplom\u00e1ticas\u00bb con ese pa\u00eds, dijo Mulino, que no reconoce la victoria de Maduro en los comicios.<\/p>\n\n\n\n<p>No obstante, la naci\u00f3n centroamericana mantendr\u00e1 relaciones consulares. \u00abCesan nuestras relaciones pol\u00edticas, que hasta el d\u00eda de hoy, debo decir, no eran las mejores ni las de m\u00e1s alto nivel\u00bb, agreg\u00f3, recordando que Venezuela no tiene embajador en Panam\u00e1 y su pa\u00eds tampoco lo tiene en Caracas.<\/p>\n\n\n\n<p>Se\u00f1al\u00f3, desconociendo los resultados dados a conocer por el Consejo Nacional Electoral (CNE) de Venezuela, que la medida regir\u00e1 \u00abhasta tanto no se realice una revisi\u00f3n completa de las actas y el sistema inform\u00e1tico del escrutinio de votaci\u00f3n que permitan conocer la genuina voluntad popular\u00bb.<\/p>\n\n\n\n<p>Asimismo, coment\u00f3, como ya dieron a conocer otros gobiernos de la regi\u00f3n, solicitar\u00e1 un encuentro del Consejo Permanente de la Organizaci\u00f3n de Estados Americanos (OEA) \u00abpara convocar una reuni\u00f3n de consultas\u00bb de ministros de Relaciones Exteriores, con el objetivo de discutir la situaci\u00f3n de Venezuela.<\/p>\n\n\n\n<p>Tambi\u00e9n coment\u00f3 que Panam\u00e1 se sumar\u00e1 a las voces \u00abregionales y multilaterales\u00bb que consideran que los resultados electorales son adversos a Maduro.<\/p>\n\n\n\n<figure class=\"wp-block-embed is-type-rich is-provider-twitter wp-block-embed-twitter\"><div class=\"wp-block-embed__wrapper\">\n<blockquote class=\"twitter-tweet\" data-width=\"550\" data-dnt=\"true\"><p lang=\"es\" dir=\"ltr\">El presidente de Panam\u00e1, Jos\u00e9 Ra\u00fal Mulino, anunci\u00f3 el retiro del personal diplom\u00e1tico de Venezuela y se\u00f1al\u00f3 que relaciones diplom\u00e1ticas con ese pa\u00eds est\u00e1n &quot;en suspenso&quot; hasta que se realice una &quot;revisi\u00f3n completa de las actas y sistema inform\u00e1tico de escrutinio de la votaci\u00f3n&quot; <a href=\"https:\/\/t.co\/ilV0zTbTXk\">pic.twitter.com\/ilV0zTbTXk<\/a><\/p>&mdash; Herrera Noticias (@HerreraNoticia) <a href=\"https:\/\/twitter.com\/HerreraNoticia\/status\/1817969161307668691?ref_src=twsrc%5Etfw\">July 29, 2024<\/a><\/blockquote><script async src=\"https:\/\/platform.twitter.com\/widgets.js\" charset=\"utf-8\"><\/script>\n<\/div><\/figure>\n\n\n\n<p>Mulino mencion\u00f3 que, adem\u00e1s del tema electoral, la decisi\u00f3n de su Gobierno responde a otro hecho ocurrido el pasado viernes 26 de julio, cuando Caracas habr\u00eda cerrado de manera \u00abunilateral\u00bb el espacio a\u00e9reo para vuelos de la aerol\u00ednea paname\u00f1a Copa Airlines, algo que Venezuela ya desminti\u00f3.<\/p>\n\n\n\n<p>Con informaci\u00f3n <strong><em>Actualidad RT<\/em><\/strong><\/p>\n","protected":false},"excerpt":{"rendered":"<p>El presidente de Panam\u00e1, Jos\u00e9 Ra\u00fal Mulino, anunci\u00f3 este lunes que suspender\u00eda las relaciones diplom\u00e1ticas con Venezuela y retirar\u00eda a su personal en Caracas, luego de los comicios presidenciales celebrados el domingo en esa naci\u00f3n suramericana, donde result\u00f3 reelecto el mandatario Nicol\u00e1s Maduro. \u00abEl Gobierno de Panam\u00e1 anuncia el retiro del personal diplom\u00e1tico de Venezuela\u00bb [&hellip;]<\/p>\n","protected":false},"author":33,"featured_media":242369,"comment_status":"closed","ping_status":"closed","sticky":false,"template":"","format":"standard","meta":{"footnotes":""},"categories":[5,8],"tags":[1550,105],"class_list":{"0":"post-242367","1":"post","2":"type-post","3":"status-publish","4":"format-standard","5":"has-post-thumbnail","7":"category-destacado","8":"category-internacionales","9":"tag-panama-2","10":"tag-venezuela"},"_links":{"self":[{"href":"https:\/\/elluchador.info\/index.php?rest_route=\/wp\/v2\/posts\/242367","targetHints":{"allow":["GET"]}}],"collection":[{"href":"https:\/\/elluchador.info\/index.php?rest_route=\/wp\/v2\/posts"}],"about":[{"href":"https:\/\/elluchador.info\/index.php?rest_route=\/wp\/v2\/types\/post"}],"author":[{"embeddable":true,"href":"https:\/\/elluchador.info\/index.php?rest_route=\/wp\/v2\/users\/33"}],"replies":[{"embeddable":true,"href":"https:\/\/elluchador.info\/index.php?rest_route=%2Fwp%2Fv2%2Fcomments&post=242367"}],"version-history":[{"count":1,"href":"https:\/\/elluchador.info\/index.php?rest_route=\/wp\/v2\/posts\/242367\/revisions"}],"predecessor-version":[{"id":242370,"href":"https:\/\/elluchador.info\/index.php?rest_route=\/wp\/v2\/posts\/242367\/revisions\/242370"}],"wp:featuredmedia":[{"embeddable":true,"href":"https:\/\/elluchador.info\/index.php?rest_route=\/wp\/v2\/media\/242369"}],"wp:attachment":[{"href":"https:\/\/elluchador.info\/index.php?rest_route=%2Fwp%2Fv2%2Fmedia&parent=242367"}],"wp:term":[{"taxonomy":"category","embeddable":true,"href":"https:\/\/elluchador.info\/index.php?rest_route=%2Fwp%2Fv2%2Fcategories&post=242367"},{"taxonomy":"post_tag","embeddable":true,"href":"https:\/\/elluchador.info\/index.php?rest_route=%2Fwp%2Fv2%2Ftags&post=242367"}],"curies":[{"name":"wp","href":"https:\/\/api.w.org\/{rel}","templated":true}]}}