{"id":242570,"date":"2024-07-31T12:03:49","date_gmt":"2024-07-31T16:03:49","guid":{"rendered":"https:\/\/elluchador.info\/?p=242570"},"modified":"2024-07-31T12:03:53","modified_gmt":"2024-07-31T16:03:53","slug":"marcano-es-la-hora-de-los-que-aman-a-venezuela","status":"publish","type":"post","link":"https:\/\/elluchador.info\/?p=242570","title":{"rendered":"Marcano: Es la hora de los que aman a Venezuela"},"content":{"rendered":"\n<p>El gobernador del estado Bol\u00edvar, \u00c1ngel Marcano, fij\u00f3 posici\u00f3n este mi\u00e9rcoles en la ma\u00f1ana, durante una rueda de prensa, desde Puerto Ordaz y acompa\u00f1ado por dirigentes y l\u00edderes del Partido Socialista Unido de Venezuela en el estado; abogando por la paz en el territorio nacional.<\/p>\n\n\n\n<p>\u201cEs la hora de los que aman a Venezuela por encima de todo\u201d, destac\u00f3 en su cuenta en Instagram y X, el gobernador Marcano, acompa\u00f1ado tambi\u00e9n por los alcaldes Tito Oviedo, Sergio Hern\u00e1ndez y Yulisbeth Garc\u00eda.<\/p>\n\n\n\n<figure class=\"wp-block-embed is-type-rich is-provider-twitter wp-block-embed-twitter\"><div class=\"wp-block-embed__wrapper\">\n<blockquote class=\"twitter-tweet\" data-width=\"550\" data-dnt=\"true\"><p lang=\"es\" dir=\"ltr\">Desde BOL\u00cdVAR abogamos por la racionalidad y la cordura para garantizar la PAZ que todos y todas anhelan . Es la hora de los que aman Venezuela por encima de todo . Con el triunfo de <a href=\"https:\/\/twitter.com\/NicolasMaduro?ref_src=twsrc%5Etfw\">@NicolasMaduro<\/a> hay un pueblo que se expres\u00f3 y esa voluntad debe respetarse . NO al Golpe!!! <a href=\"https:\/\/t.co\/feQA5UMhOi\">pic.twitter.com\/feQA5UMhOi<\/a><\/p>&mdash; \u00c1ngel Marcano (@amarcanopsuv) <a href=\"https:\/\/twitter.com\/amarcanopsuv\/status\/1818650457583046668?ref_src=twsrc%5Etfw\">July 31, 2024<\/a><\/blockquote><script async src=\"https:\/\/platform.twitter.com\/widgets.js\" charset=\"utf-8\"><\/script>\n<\/div><\/figure>\n\n\n\n<p>M\u00e1s temprano, tambi\u00e9n a trav\u00e9s de su cuenta en IG, Marcano expres\u00f3: \u201cLa dignidad no se negocia, y en Venezuela no hay cabida para el fascismo y la violencia. El camino es el entendimiento y di\u00e1logo para el renacer de la Patria\u201d.<\/p>\n\n\n\n<p><strong><em>Redacci\u00f3n EL<\/em><\/strong><\/p>\n","protected":false},"excerpt":{"rendered":"<p>El gobernador del estado Bol\u00edvar, \u00c1ngel Marcano, fij\u00f3 posici\u00f3n este mi\u00e9rcoles en la ma\u00f1ana, durante una rueda de prensa, desde Puerto Ordaz y acompa\u00f1ado por dirigentes y l\u00edderes del Partido Socialista Unido de Venezuela en el estado; abogando por la paz en el territorio nacional. \u201cEs la hora de los que aman a Venezuela por [&hellip;]<\/p>\n","protected":false},"author":2,"featured_media":242571,"comment_status":"closed","ping_status":"closed","sticky":false,"template":"","format":"standard","meta":{"footnotes":""},"categories":[11],"tags":[306,437],"class_list":{"0":"post-242570","1":"post","2":"type-post","3":"status-publish","4":"format-standard","5":"has-post-thumbnail","7":"category-politica","8":"tag-ciudad-bolivar","9":"tag-marcano"},"_links":{"self":[{"href":"https:\/\/elluchador.info\/index.php?rest_route=\/wp\/v2\/posts\/242570","targetHints":{"allow":["GET"]}}],"collection":[{"href":"https:\/\/elluchador.info\/index.php?rest_route=\/wp\/v2\/posts"}],"about":[{"href":"https:\/\/elluchador.info\/index.php?rest_route=\/wp\/v2\/types\/post"}],"author":[{"embeddable":true,"href":"https:\/\/elluchador.info\/index.php?rest_route=\/wp\/v2\/users\/2"}],"replies":[{"embeddable":true,"href":"https:\/\/elluchador.info\/index.php?rest_route=%2Fwp%2Fv2%2Fcomments&post=242570"}],"version-history":[{"count":1,"href":"https:\/\/elluchador.info\/index.php?rest_route=\/wp\/v2\/posts\/242570\/revisions"}],"predecessor-version":[{"id":242572,"href":"https:\/\/elluchador.info\/index.php?rest_route=\/wp\/v2\/posts\/242570\/revisions\/242572"}],"wp:featuredmedia":[{"embeddable":true,"href":"https:\/\/elluchador.info\/index.php?rest_route=\/wp\/v2\/media\/242571"}],"wp:attachment":[{"href":"https:\/\/elluchador.info\/index.php?rest_route=%2Fwp%2Fv2%2Fmedia&parent=242570"}],"wp:term":[{"taxonomy":"category","embeddable":true,"href":"https:\/\/elluchador.info\/index.php?rest_route=%2Fwp%2Fv2%2Fcategories&post=242570"},{"taxonomy":"post_tag","embeddable":true,"href":"https:\/\/elluchador.info\/index.php?rest_route=%2Fwp%2Fv2%2Ftags&post=242570"}],"curies":[{"name":"wp","href":"https:\/\/api.w.org\/{rel}","templated":true}]}}