{"id":242598,"date":"2024-07-31T16:17:52","date_gmt":"2024-07-31T20:17:52","guid":{"rendered":"https:\/\/elluchador.info\/?p=242598"},"modified":"2024-07-31T16:17:55","modified_gmt":"2024-07-31T20:17:55","slug":"saab-hay-mas-de-mil-detenidos-y-77-heridos-por-hechos-de-violencia","status":"publish","type":"post","link":"https:\/\/elluchador.info\/?p=242598","title":{"rendered":"Saab: Hay m\u00e1s de mil detenidos y 77 heridos por hechos de\u00a0violencia"},"content":{"rendered":"\n<p>En horas de la tarde de este mi\u00e9rcoles 31 de julio, Tarek William Saab, Fiscal General de la Rep\u00fablica, ofreci\u00f3 una rueda de prensa sobre las protestas acaecidas desde el 28 de julio hasta la actualidad.<\/p>\n\n\n\n<p>Saab manifest\u00f3 que \u00abesto no es un derecho, son cr\u00edmenes. Marcar casas, llamar a matarlas es un delito que se paga en Venezuela con 15 a 20 a\u00f1os de c\u00e1rcel\u00bb.<\/p>\n\n\n\n<p>Inform\u00f3 que de las acciones mencionadas durante la rueda de prensa hay mil 62 detenidos. \u00abSi alguno de ellos por la investigaci\u00f3n pudiera determinarse que estando en los lugares no tuvieron participaci\u00f3n, aqu\u00ed hay justicia y ser\u00e1n liberados, si se demuestra su culpabilidad ser\u00e1n imputados\u00bb.<\/p>\n\n\n\n<p>Durante su intervenci\u00f3n public\u00f3 y explic\u00f3 varios videos de \u00abhechos de violencia\u00bb en varios estados del pa\u00eds. Coment\u00f3 que los implicados est\u00e1n detenidos. \u00abpagar\u00e1n con la justicia\u00bb, concluy\u00f3.<\/p>\n\n\n\n<p>Inform\u00f3 sobre el \u00abataque a HidroCaribe, en el cual arremetieron con las instalaciones, en este hecho hay 20 detenidos, de los cuales cuatro son menores de edad\u00bb, dijo.<\/p>\n\n\n\n<p>Uno de los videos que mostr\u00f3 el Fiscal General, sobre un joven que simul\u00f3 en plena v\u00eda p\u00fablica. \u00abPara investigar este caso se design\u00f3 la Fiscal\u00eda 2 Nacional, que imputar\u00e1 a los responsables por los delitos de simulaci\u00f3n de hecho punible y difusi\u00f3n de mensajes que causan zozobra y p\u00e1nico a la poblaci\u00f3n\u00bb.<\/p>\n\n\n\n<p>\u00abEn La Guaira fueron aprehendidos para ser imputados los delincuentes Harey Romero y Jefferson Padr\u00f3n, quienes se presentaban como l\u00edderes de un grupo extremista. Que a trav\u00e9s de videos difundidos en redes sociales amenazaba a la poblaci\u00f3n con la realizaci\u00f3n de actos violentos y desestabilizadores, pretendiendo causar p\u00e1nico y zozobra\u00bb, rese\u00f1\u00f3.<\/p>\n\n\n\n<p>Manifest\u00f3 sobre la detenci\u00f3n de 10 detenidos por violentar las instalaciones del terminal de Transbarca en Lara, identificados Jos\u00e9 S\u00e1nchez, Danny Veliz, Luis Sivira, Yercanel L\u00f3pez y 3 adolescentes, para ser imputados.<\/p>\n\n\n\n<p>\u00abNo se sorprenda, cuando sea el caso de la defensa de Venezuela la semana que viene, que Venezuela est\u00e1 incriminando a estas personas\u00bb, coment\u00f3.<\/p>\n\n\n\n<p>\u00abHoy mi\u00e9rcoles est\u00e1 disminuyendo los actos, porque est\u00e1 actuando la justicia\u00bb, puntualiz\u00f3.<\/p>\n\n\n\n<p>Por \u00faltimo, manifest\u00f3 que \u00abera necesario mostrar el avance, el antes y despu\u00e9s, de los alzados que son puestos a la orden de la justicia\u00bb.<\/p>\n\n\n\n<p>Con informaci\u00f3n <strong><em>AVN<\/em><\/strong><\/p>\n","protected":false},"excerpt":{"rendered":"<p>En horas de la tarde de este mi\u00e9rcoles 31 de julio, Tarek William Saab, Fiscal General de la Rep\u00fablica, ofreci\u00f3 una rueda de prensa sobre las protestas acaecidas desde el 28 de julio hasta la actualidad. Saab manifest\u00f3 que \u00abesto no es un derecho, son cr\u00edmenes. Marcar casas, llamar a matarlas es un delito que [&hellip;]<\/p>\n","protected":false},"author":33,"featured_media":242599,"comment_status":"closed","ping_status":"closed","sticky":false,"template":"","format":"standard","meta":{"footnotes":""},"categories":[13],"tags":[285,105,311],"class_list":{"0":"post-242598","1":"post","2":"type-post","3":"status-publish","4":"format-standard","5":"has-post-thumbnail","7":"category-sucesos","8":"tag-elecciones","9":"tag-venezuela","10":"tag-violencia"},"_links":{"self":[{"href":"https:\/\/elluchador.info\/index.php?rest_route=\/wp\/v2\/posts\/242598","targetHints":{"allow":["GET"]}}],"collection":[{"href":"https:\/\/elluchador.info\/index.php?rest_route=\/wp\/v2\/posts"}],"about":[{"href":"https:\/\/elluchador.info\/index.php?rest_route=\/wp\/v2\/types\/post"}],"author":[{"embeddable":true,"href":"https:\/\/elluchador.info\/index.php?rest_route=\/wp\/v2\/users\/33"}],"replies":[{"embeddable":true,"href":"https:\/\/elluchador.info\/index.php?rest_route=%2Fwp%2Fv2%2Fcomments&post=242598"}],"version-history":[{"count":1,"href":"https:\/\/elluchador.info\/index.php?rest_route=\/wp\/v2\/posts\/242598\/revisions"}],"predecessor-version":[{"id":242600,"href":"https:\/\/elluchador.info\/index.php?rest_route=\/wp\/v2\/posts\/242598\/revisions\/242600"}],"wp:featuredmedia":[{"embeddable":true,"href":"https:\/\/elluchador.info\/index.php?rest_route=\/wp\/v2\/media\/242599"}],"wp:attachment":[{"href":"https:\/\/elluchador.info\/index.php?rest_route=%2Fwp%2Fv2%2Fmedia&parent=242598"}],"wp:term":[{"taxonomy":"category","embeddable":true,"href":"https:\/\/elluchador.info\/index.php?rest_route=%2Fwp%2Fv2%2Fcategories&post=242598"},{"taxonomy":"post_tag","embeddable":true,"href":"https:\/\/elluchador.info\/index.php?rest_route=%2Fwp%2Fv2%2Ftags&post=242598"}],"curies":[{"name":"wp","href":"https:\/\/api.w.org\/{rel}","templated":true}]}}