{"id":242952,"date":"2024-08-03T12:06:29","date_gmt":"2024-08-03T16:06:29","guid":{"rendered":"https:\/\/elluchador.info\/?p=242952"},"modified":"2024-08-03T12:06:32","modified_gmt":"2024-08-03T16:06:32","slug":"por-que-cada-vez-hay-mas-alergias","status":"publish","type":"post","link":"https:\/\/elluchador.info\/?p=242952","title":{"rendered":"\u00bfPor qu\u00e9 cada vez hay m\u00e1s alergias?"},"content":{"rendered":"\n<p>No vamos a poder saber por qu\u00e9 cada vez m\u00e1s hay alergias, y es que, a d\u00eda de hoy, una de cada cuatro personas tiene alergia, y en el 2050 se espera que la tenga un 50% de la poblaci\u00f3n, afirma en una entrevista con Infosalus la doctora Paula Rib\u00f3, alerg\u00f3loga en el Hospital Clinic de Barcelona, miembro Sociedad Espa\u00f1ola de Alergolog\u00eda e Inmunolog\u00eda Cl\u00ednica (SEAIC) e investigadora del Idibaps.<\/p>\n\n\n\n<p>Con motivo de la publicaci\u00f3n de \u2018Alergia, la nueva epidemia\u2019 (Alienta editorial), esta experta nos cuenta que, aunque s\u00ed que es cierto que cada vez hay m\u00e1s alergias, tambi\u00e9n advierte de que cada vez sabemos m\u00e1s tambi\u00e9n.<\/p>\n\n\n\n<p>\u00abPor lo que es importante acudir al alerg\u00f3logo para un buen diagn\u00f3stico y para no evitar cosas que a lo mejor no son alergia. Porque la persona que piensa que tiene alergia a una cosa y no la tiene merma seriamente su calidad de vida y por ejemplo se proh\u00edbe alimentos o medicamentos, limitando bastante su vida por ese miedo a una reacci\u00f3n muy grave; algo que, por ejemplo, preocupa mucho a padres en el caso de los menores\u00bb, resalta.<\/p>\n\n\n\n<p>Detalla que la alergia es una respuesta inmunitaria exagerada del cuerpo, que reconoce algo externo como un cuerpo extra\u00f1o del que debe defenderse: \u00abEs una reacci\u00f3n exagerada que hace el sistema inmunol\u00f3gico a algo que en teor\u00eda no deber\u00eda darnos ning\u00fan problema, tipo la leche y la alergia a la prote\u00edna de leche de vaca.<\/p>\n\n\n\n<p>Lo habitual es que una persona beba leche y no le pasa nada; ahora bien, si tiene predisposici\u00f3n gen\u00e9tica a ser al\u00e9rgica podr\u00e1 desarrollar una alergia a ello, o no; lo importante es tener esa predisposici\u00f3n gen\u00e9tica\u00bb.<\/p>\n\n\n\n<p><strong>De qu\u00e9 depende que tengamos alergia<\/strong><\/p>\n\n\n\n<p>Recuerda en este sentido la doctora Rib\u00f3 que el 50% de nuestros genes aproximadamente procede de nuestra madre, y el resto de nuestro padre; de forma que si nuestros padres son al\u00e9rgicos, nosotros tambi\u00e9n tenemos muchas posibilidades de serlo, pero no sabemos a qu\u00e9, no tiene por qu\u00e9 ser a lo mismo que ellos.<\/p>\n\n\n\n<p>Por ello, insiste esta alerg\u00f3loga en que tenemos que hacer vida normal. \u00abNunca podremos predecir a qu\u00e9 nos vamos o no a volver al\u00e9rgicos. Aunque nuestro padre sea al\u00e9rgico a la leche y nuestra madre a la penicilina no por ello debemos evitar la leche y la penicilina, sino que podemos desarrollar alergia al platanero\u00bb, incide.<\/p>\n\n\n\n<p><strong>\u00bfDe qu\u00e9 depende el que una persona sea al\u00e9rgica a una cosa o a otra?<\/strong><\/p>\n\n\n\n<p>Explica la doctora Rib\u00f3 que a d\u00eda de \u00abno est\u00e1 del todo claro\u00bb, y de momento \u00abson todo teor\u00edas\u00bb, como por ejemplo la de la higiene: \u00abNos limpiamos m\u00e1s, y limpiamos m\u00e1s a nuestros hijos que hace a\u00f1os; tambi\u00e9n la alimentaci\u00f3n influye seguro tambi\u00e9n; pero la epigen\u00e9tica cobra cada vez m\u00e1s fuerza, la ciencia que estudio el cambio de los genes con lo que nos rodea, como el cambio clim\u00e1tico, la alimentaci\u00f3n, la contaminaci\u00f3n, el estilo de vida, entre otros factores, pero casi siempre tiene que haber una predisposici\u00f3n gen\u00e9tica\u00bb.<\/p>\n\n\n\n<p>Con informaci\u00f3n de <strong><em>Infosalus<\/em><\/strong><\/p>\n","protected":false},"excerpt":{"rendered":"<p>No vamos a poder saber por qu\u00e9 cada vez m\u00e1s hay alergias, y es que, a d\u00eda de hoy, una de cada cuatro personas tiene alergia, y en el 2050 se espera que la tenga un 50% de la poblaci\u00f3n, afirma en una entrevista con Infosalus la doctora Paula Rib\u00f3, alerg\u00f3loga en el Hospital Clinic [&hellip;]<\/p>\n","protected":false},"author":33,"featured_media":242953,"comment_status":"closed","ping_status":"closed","sticky":false,"template":"","format":"standard","meta":{"footnotes":""},"categories":[19],"tags":[1622,1621,131],"class_list":{"0":"post-242952","1":"post","2":"type-post","3":"status-publish","4":"format-standard","5":"has-post-thumbnail","7":"category-salud","8":"tag-actualmente","9":"tag-alergias","10":"tag-salud"},"_links":{"self":[{"href":"https:\/\/elluchador.info\/index.php?rest_route=\/wp\/v2\/posts\/242952","targetHints":{"allow":["GET"]}}],"collection":[{"href":"https:\/\/elluchador.info\/index.php?rest_route=\/wp\/v2\/posts"}],"about":[{"href":"https:\/\/elluchador.info\/index.php?rest_route=\/wp\/v2\/types\/post"}],"author":[{"embeddable":true,"href":"https:\/\/elluchador.info\/index.php?rest_route=\/wp\/v2\/users\/33"}],"replies":[{"embeddable":true,"href":"https:\/\/elluchador.info\/index.php?rest_route=%2Fwp%2Fv2%2Fcomments&post=242952"}],"version-history":[{"count":1,"href":"https:\/\/elluchador.info\/index.php?rest_route=\/wp\/v2\/posts\/242952\/revisions"}],"predecessor-version":[{"id":242954,"href":"https:\/\/elluchador.info\/index.php?rest_route=\/wp\/v2\/posts\/242952\/revisions\/242954"}],"wp:featuredmedia":[{"embeddable":true,"href":"https:\/\/elluchador.info\/index.php?rest_route=\/wp\/v2\/media\/242953"}],"wp:attachment":[{"href":"https:\/\/elluchador.info\/index.php?rest_route=%2Fwp%2Fv2%2Fmedia&parent=242952"}],"wp:term":[{"taxonomy":"category","embeddable":true,"href":"https:\/\/elluchador.info\/index.php?rest_route=%2Fwp%2Fv2%2Fcategories&post=242952"},{"taxonomy":"post_tag","embeddable":true,"href":"https:\/\/elluchador.info\/index.php?rest_route=%2Fwp%2Fv2%2Ftags&post=242952"}],"curies":[{"name":"wp","href":"https:\/\/api.w.org\/{rel}","templated":true}]}}