{"id":243074,"date":"2024-08-04T12:26:56","date_gmt":"2024-08-04T16:26:56","guid":{"rendered":"https:\/\/elluchador.info\/?p=243074"},"modified":"2024-08-04T12:27:00","modified_gmt":"2024-08-04T16:27:00","slug":"colombia-albergara-la-primera-cumbre-latinoamericana-sobre-inteligencia-artificial","status":"publish","type":"post","link":"https:\/\/elluchador.info\/?p=243074","title":{"rendered":"Colombia albergar\u00e1 la primera cumbre Latinoamericana sobre inteligencia artificial"},"content":{"rendered":"\n<p>La ciudad colombiana de\u00a0Cartagena\u00a0de Indias\u00a0ser\u00e1 la sede de la primera cumbre sobre inteligencia artificial\u00a0<strong>(IA)<\/strong>\u00a0de pa\u00edses de\u00a0Latinoam\u00e9rica y el Caribe, que se realizar\u00e1 el 8 y el 9 de agosto.<\/p>\n\n\n\n<p>Con la presencia de 22 ministros, legisladores y expertos en&nbsp;IA de 18 pa\u00edses, el objetivo de la&nbsp;Cumbre Ministerial Latinoamericana y del Caribe por la IA&nbsp;ser\u00e1 el de firmar una declaraci\u00f3n que marque la posici\u00f3n que va a tener&nbsp;Am\u00e9rica Latina&nbsp;respecto de la IA.<\/p>\n\n\n\n<p>En ese sentido, el ministro de<strong>&nbsp;Tecnolog\u00edas de la Informaci\u00f3n y las Comunicaciones (MinTIC)&nbsp;<\/strong>de<strong>&nbsp;Colombia, Mauricio Lizcano,&nbsp;<\/strong>se\u00f1al\u00f3 que<strong>&nbsp;\u00abes esencial\u00bb<\/strong>&nbsp;que los pa\u00edses de la regi\u00f3n&nbsp;<strong>\u00abse posicionen como l\u00edderes en la implementaci\u00f3n de la IA\u00bb<\/strong>.<\/p>\n\n\n\n<p>\u00ab<strong>Ser\u00e1 la oportunidad para que nuestros pa\u00edses trabajemos juntos, compartamos conocimientos y fortalezcamos las estrategias en torno a esta tecnolog\u00eda transformadora.<\/strong><\/p>\n\n\n\n<h2 class=\"wp-block-heading\">La&nbsp;<strong>meta es asegurar que la Inteligencia artificial beneficie a todos los sectores de la sociedad<\/strong><\/h2>\n\n\n\n<p><strong>Nuestra meta es asegurar que la IA beneficie a todos los sectores de la sociedad, promoviendo un desarrollo inclusivo y sostenible\u00bb,<\/strong>&nbsp;agreg\u00f3.<\/p>\n\n\n\n<p>Adem\u00e1s, destac\u00f3 que la regi\u00f3n podr\u00e1 fijar \u00ab<strong>una sola posici\u00f3n frente a la gobernanza, la responsabilidad y la \u00e9tica de la IA\u00bb.<\/strong><\/p>\n\n\n\n<p>El ministro tambi\u00e9n resalt\u00f3 que la cumbre tendr\u00e1 tres \u00ab<strong>pilares fundamentales<\/strong>\u00ab, entre los que est\u00e1n la creaci\u00f3n de \u00ab<strong>ecosistemas habilitadores que ayuden a fortalecer el entorno y que favorezcan el desarrollo de la inteligencia artificial\u00bb.<\/strong><\/p>\n\n\n\n<p>Se prev\u00e9 adem\u00e1s impulsar la&nbsp;<strong>\u00abeducaci\u00f3n digital\u00bb&nbsp;<\/strong>a trav\u00e9s de la<strong>&nbsp;\u00abformaci\u00f3n y la adopci\u00f3n de la IA en todos los niveles educativos<\/strong>\u00ab, mientras que el \u00faltimo pilar es el de la \u00ab<strong>gobernanza\u00bb<\/strong>, con el que se busca establecer marcos regulatorios que aseguren un \u00abuso responsable y \u00e9tico\u00bb de la IA.<\/p>\n\n\n\n<p>Este encuentro cuenta con el apoyo del&nbsp;<strong>CAF&nbsp;<\/strong>\u2013 Banco de Desarrollo de Am\u00e9rica Latina y el Caribe, el Banco Interamericano de Desarrollo&nbsp;<strong>(BID)<\/strong>, la Uni\u00f3n Europea, la Organizaci\u00f3n para la Cooperaci\u00f3n y el Desarrollo Econ\u00f3mico&nbsp;<strong>(OCDE)&nbsp;<\/strong>y la Organizaci\u00f3n de las Naciones Unidas para la Educaci\u00f3n, la Ciencia y la Cultura<strong>&nbsp;(Unesco).<\/strong><\/p>\n\n\n\n<p>Por otra parte, el 6 de agosto, tambi\u00e9n en&nbsp;Cartagena,&nbsp;se realizar\u00e1 la&nbsp;Cumbre Nacional de Inteligencia Artificial.&nbsp;En ambos eventos se espera la participaci\u00f3n de m\u00e1s de 300 personas.<\/p>\n\n\n\n<p><em>Con informaci\u00f3n de 2001.<\/em><\/p>\n","protected":false},"excerpt":{"rendered":"<p>La ciudad colombiana de\u00a0Cartagena\u00a0de Indias\u00a0ser\u00e1 la sede de la primera cumbre sobre inteligencia artificial\u00a0(IA)\u00a0de pa\u00edses de\u00a0Latinoam\u00e9rica y el Caribe, que se realizar\u00e1 el 8 y el 9 de agosto. Con la presencia de 22 ministros, legisladores y expertos en&nbsp;IA de 18 pa\u00edses, el objetivo de la&nbsp;Cumbre Ministerial Latinoamericana y del Caribe por la IA&nbsp;ser\u00e1 el [&hellip;]<\/p>\n","protected":false},"author":2,"featured_media":243075,"comment_status":"closed","ping_status":"closed","sticky":false,"template":"","format":"standard","meta":{"footnotes":""},"categories":[8],"tags":[],"class_list":{"0":"post-243074","1":"post","2":"type-post","3":"status-publish","4":"format-standard","5":"has-post-thumbnail","7":"category-internacionales"},"_links":{"self":[{"href":"https:\/\/elluchador.info\/index.php?rest_route=\/wp\/v2\/posts\/243074","targetHints":{"allow":["GET"]}}],"collection":[{"href":"https:\/\/elluchador.info\/index.php?rest_route=\/wp\/v2\/posts"}],"about":[{"href":"https:\/\/elluchador.info\/index.php?rest_route=\/wp\/v2\/types\/post"}],"author":[{"embeddable":true,"href":"https:\/\/elluchador.info\/index.php?rest_route=\/wp\/v2\/users\/2"}],"replies":[{"embeddable":true,"href":"https:\/\/elluchador.info\/index.php?rest_route=%2Fwp%2Fv2%2Fcomments&post=243074"}],"version-history":[{"count":1,"href":"https:\/\/elluchador.info\/index.php?rest_route=\/wp\/v2\/posts\/243074\/revisions"}],"predecessor-version":[{"id":243080,"href":"https:\/\/elluchador.info\/index.php?rest_route=\/wp\/v2\/posts\/243074\/revisions\/243080"}],"wp:featuredmedia":[{"embeddable":true,"href":"https:\/\/elluchador.info\/index.php?rest_route=\/wp\/v2\/media\/243075"}],"wp:attachment":[{"href":"https:\/\/elluchador.info\/index.php?rest_route=%2Fwp%2Fv2%2Fmedia&parent=243074"}],"wp:term":[{"taxonomy":"category","embeddable":true,"href":"https:\/\/elluchador.info\/index.php?rest_route=%2Fwp%2Fv2%2Fcategories&post=243074"},{"taxonomy":"post_tag","embeddable":true,"href":"https:\/\/elluchador.info\/index.php?rest_route=%2Fwp%2Fv2%2Ftags&post=243074"}],"curies":[{"name":"wp","href":"https:\/\/api.w.org\/{rel}","templated":true}]}}