{"id":243184,"date":"2024-08-05T14:15:16","date_gmt":"2024-08-05T18:15:16","guid":{"rendered":"https:\/\/elluchador.info\/?p=243184"},"modified":"2024-08-05T14:15:21","modified_gmt":"2024-08-05T18:15:21","slug":"maduro-instagram-y-tiktok-multiplican-el-odio","status":"publish","type":"post","link":"https:\/\/elluchador.info\/?p=243184","title":{"rendered":"Maduro: Instagram y TikTok multiplican el odio"},"content":{"rendered":"\n<p>El mandatario nacional, Nicol\u00e1s Maduro, afirm\u00f3 este domingo que la red social TikTok e Instagram son los principales instrumentos \u00abmultiplicadores del odio y el fascismo\u00bb en el pa\u00eds, por lo que solicit\u00f3 al Consejo de Seguridad recomendaciones sobre el manejo de las redes sociales que -dijo- no tienen regulaci\u00f3n en la naci\u00f3n.<\/p>\n\n\n\n<p>\u00abLos principales instrumentos multiplicadores conscientes del odio y el fascismo, y el intento de dividir entre los venezolanos y de crear fan\u00e1ticos fascistas que atacaran a la Polic\u00eda, a los militares o al pueblo chavista en sus comunidades, son TikTok e Instagram\u00bb, afirm\u00f3 el mandatario en un acto televisado.<\/p>\n\n\n\n<p>Maduro indic\u00f3 que TikTok, del chino Zhang Yiming -uno de los hombres m\u00e1s ricos del mundo, seg\u00fan Forbes-, e Instagram, propiedad de Meta y creada por el brasile\u00f1o Kevin Systrom y el norteamericano Mike Krieger, han \u00abinfectado\u00bb a importantes sectores de la sociedad con \u00abodio\u00bb, de \u00abmanera descarada\u00bb.<\/p>\n\n\n\n<p>El presidente sostuvo que en Venezuela no hay \u00abning\u00fan tipo de regulaci\u00f3n nacional\u00bb sobre el uso de las redes, por lo que pidi\u00f3 recomendaciones al Consejo de Defensa y el de Seguridad sobre este tema, despu\u00e9s de que se desataran protestas tras conocerse el resultado de las elecciones, que seg\u00fan datos oficiales del Consejo Nacional Electoral (CNE), gan\u00f3 Maduro.<\/p>\n\n\n\n<p>Con informaci\u00f3n <strong><em>AP<\/em><\/strong><\/p>\n","protected":false},"excerpt":{"rendered":"<p>El mandatario nacional, Nicol\u00e1s Maduro, afirm\u00f3 este domingo que la red social TikTok e Instagram son los principales instrumentos \u00abmultiplicadores del odio y el fascismo\u00bb en el pa\u00eds, por lo que solicit\u00f3 al Consejo de Seguridad recomendaciones sobre el manejo de las redes sociales que -dijo- no tienen regulaci\u00f3n en la naci\u00f3n. \u00abLos principales instrumentos [&hellip;]<\/p>\n","protected":false},"author":33,"featured_media":243185,"comment_status":"closed","ping_status":"closed","sticky":false,"template":"","format":"standard","meta":{"footnotes":""},"categories":[11],"tags":[1628,105],"class_list":{"0":"post-243184","1":"post","2":"type-post","3":"status-publish","4":"format-standard","5":"has-post-thumbnail","7":"category-politica","8":"tag-redes-sociales","9":"tag-venezuela"},"_links":{"self":[{"href":"https:\/\/elluchador.info\/index.php?rest_route=\/wp\/v2\/posts\/243184","targetHints":{"allow":["GET"]}}],"collection":[{"href":"https:\/\/elluchador.info\/index.php?rest_route=\/wp\/v2\/posts"}],"about":[{"href":"https:\/\/elluchador.info\/index.php?rest_route=\/wp\/v2\/types\/post"}],"author":[{"embeddable":true,"href":"https:\/\/elluchador.info\/index.php?rest_route=\/wp\/v2\/users\/33"}],"replies":[{"embeddable":true,"href":"https:\/\/elluchador.info\/index.php?rest_route=%2Fwp%2Fv2%2Fcomments&post=243184"}],"version-history":[{"count":1,"href":"https:\/\/elluchador.info\/index.php?rest_route=\/wp\/v2\/posts\/243184\/revisions"}],"predecessor-version":[{"id":243186,"href":"https:\/\/elluchador.info\/index.php?rest_route=\/wp\/v2\/posts\/243184\/revisions\/243186"}],"wp:featuredmedia":[{"embeddable":true,"href":"https:\/\/elluchador.info\/index.php?rest_route=\/wp\/v2\/media\/243185"}],"wp:attachment":[{"href":"https:\/\/elluchador.info\/index.php?rest_route=%2Fwp%2Fv2%2Fmedia&parent=243184"}],"wp:term":[{"taxonomy":"category","embeddable":true,"href":"https:\/\/elluchador.info\/index.php?rest_route=%2Fwp%2Fv2%2Fcategories&post=243184"},{"taxonomy":"post_tag","embeddable":true,"href":"https:\/\/elluchador.info\/index.php?rest_route=%2Fwp%2Fv2%2Ftags&post=243184"}],"curies":[{"name":"wp","href":"https:\/\/api.w.org\/{rel}","templated":true}]}}