{"id":243360,"date":"2024-08-06T18:17:06","date_gmt":"2024-08-06T22:17:06","guid":{"rendered":"https:\/\/elluchador.info\/?p=243360"},"modified":"2024-08-06T18:40:34","modified_gmt":"2024-08-06T22:40:34","slug":"gobierno-bolivariano-rehabilita-la-avenida-paseo-caroni","status":"publish","type":"post","link":"https:\/\/elluchador.info\/?p=243360","title":{"rendered":"Gobierno regional rehabilita la avenida Paseo Caron\u00ed"},"content":{"rendered":"\n<p>A trav\u00e9s de Construbol\u00edvar, la Gobernaci\u00f3n del estado Bol\u00edvar, rehabilita espacios de la avenida Paseo Caron\u00ed de Puerto Ordaz, para contribuir al embellecimiento de las zonas urbanas de la entiendad.<\/p>\n\n\n\n<p>Angel Marcano, gobernador del estado Bol\u00edvar, inspeccion\u00f3 este martes estos trabajos, que tambi\u00e9n comprenden desmalezamiento, pica y poda de \u00e1rboles, recolecci\u00f3n de desechos s\u00f3lidos, instalaci\u00f3n de alumbrado p\u00fablico, pintura de aceras y brocales, demarcaci\u00f3n vial, entre otros.<\/p>\n\n\n\n<p>Marcano, inform\u00f3 que m\u00e1s de 200 trabajadores est\u00e1n desplegados en toda Ciudad Guayana, incluyendo sectores como Vista al Sol y Villa Ikabaru.<\/p>\n\n\n\n<p>Con informaci\u00f3n de Prensa Gobernaci\u00f3n de Bol\u00edvar.-<\/p>\n","protected":false},"excerpt":{"rendered":"<p>A trav\u00e9s de Construbol\u00edvar, la Gobernaci\u00f3n del estado Bol\u00edvar, rehabilita espacios de la avenida Paseo Caron\u00ed de Puerto Ordaz, para contribuir al embellecimiento de las zonas urbanas de la entiendad. Angel Marcano, gobernador del estado Bol\u00edvar, inspeccion\u00f3 este martes estos trabajos, que tambi\u00e9n comprenden desmalezamiento, pica y poda de \u00e1rboles, recolecci\u00f3n de desechos s\u00f3lidos, instalaci\u00f3n [&hellip;]<\/p>\n","protected":false},"author":38,"featured_media":243361,"comment_status":"closed","ping_status":"closed","sticky":false,"template":"","format":"standard","meta":{"footnotes":""},"categories":[12],"tags":[1178],"class_list":{"0":"post-243360","1":"post","2":"type-post","3":"status-publish","4":"format-standard","5":"has-post-thumbnail","7":"category-regionales","8":"tag-ciudad-guayana"},"_links":{"self":[{"href":"https:\/\/elluchador.info\/index.php?rest_route=\/wp\/v2\/posts\/243360","targetHints":{"allow":["GET"]}}],"collection":[{"href":"https:\/\/elluchador.info\/index.php?rest_route=\/wp\/v2\/posts"}],"about":[{"href":"https:\/\/elluchador.info\/index.php?rest_route=\/wp\/v2\/types\/post"}],"author":[{"embeddable":true,"href":"https:\/\/elluchador.info\/index.php?rest_route=\/wp\/v2\/users\/38"}],"replies":[{"embeddable":true,"href":"https:\/\/elluchador.info\/index.php?rest_route=%2Fwp%2Fv2%2Fcomments&post=243360"}],"version-history":[{"count":2,"href":"https:\/\/elluchador.info\/index.php?rest_route=\/wp\/v2\/posts\/243360\/revisions"}],"predecessor-version":[{"id":243363,"href":"https:\/\/elluchador.info\/index.php?rest_route=\/wp\/v2\/posts\/243360\/revisions\/243363"}],"wp:featuredmedia":[{"embeddable":true,"href":"https:\/\/elluchador.info\/index.php?rest_route=\/wp\/v2\/media\/243361"}],"wp:attachment":[{"href":"https:\/\/elluchador.info\/index.php?rest_route=%2Fwp%2Fv2%2Fmedia&parent=243360"}],"wp:term":[{"taxonomy":"category","embeddable":true,"href":"https:\/\/elluchador.info\/index.php?rest_route=%2Fwp%2Fv2%2Fcategories&post=243360"},{"taxonomy":"post_tag","embeddable":true,"href":"https:\/\/elluchador.info\/index.php?rest_route=%2Fwp%2Fv2%2Ftags&post=243360"}],"curies":[{"name":"wp","href":"https:\/\/api.w.org\/{rel}","templated":true}]}}