{"id":243405,"date":"2024-08-07T11:26:54","date_gmt":"2024-08-07T15:26:54","guid":{"rendered":"https:\/\/elluchador.info\/?p=243405"},"modified":"2024-08-07T11:26:58","modified_gmt":"2024-08-07T15:26:58","slug":"avavit-suspension-aerea-afecta-95-vuelos-semanales","status":"publish","type":"post","link":"https:\/\/elluchador.info\/?p=243405","title":{"rendered":"Avavit: Suspensi\u00f3n a\u00e9rea afecta 95 vuelos semanales"},"content":{"rendered":"\n<p>La presidenta de la Asociaci\u00f3n Venezolana de Agencias de Viajes y Turismo (Avavit), Vicky Herrera, alert\u00f3 que \u201cunos 95 vuelos semanales\u201d han sido afectados dada la suspensi\u00f3n de vuelos comerciales a Per\u00fa, Rep\u00fablica Dominicana y Panam\u00e1 que anunci\u00f3 el Gobierno a trav\u00e9s del Ministerio de Transporte el pasado 29 de julio.<\/p>\n\n\n\n<p>Herrera asegur\u00f3 que desde que la medida entr\u00f3 en vigencia el 31 de julio \u201cla cantidad de vuelos que han sido afectados es muy importante, no solo en estos destinos espec\u00edficos, sino en las conexiones importantes con el resto del mundo que estos significaban\u201d.<\/p>\n\n\n\n<p>Avavit estim\u00f3 que por Panam\u00e1, la afectaci\u00f3n semanal ha sido de 47 vuelos, mientras que por Rep\u00fablica Dominicana se estiman 41 y solo siete a Per\u00fa.<\/p>\n\n\n\n<p>Esta cifra refleja \u00abunos 10.000 \u00f3 15.000 pasajeros semanales\u00bb que dej\u00f3 de percibir la aviaci\u00f3n comercial venezolana.<\/p>\n\n\n\n<p>En vista de la gran cantidad de pasajeros afectados, las aerol\u00edneas han dado diferentes alternativas como el cambio de destino y de origen, unas de las opciones presentadas por la aerol\u00ednea Copa, o la posibilidad de reembolso sobre la cual las compa\u00f1\u00edas de vuelos han advertido que puede ser un proceso tard\u00edo.<\/p>\n\n\n\n<p>Herrera recomend\u00f3 la asistencia de un agente de viajes para cada uno de los pasajeros afectados que deseen acceder a alguna de las opciones presentadas por cada aerol\u00ednea.<\/p>\n\n\n\n<p>Con informaci\u00f3n de <strong><em>Uni\u00f3n Radio<\/em><\/strong><\/p>\n","protected":false},"excerpt":{"rendered":"<p>La presidenta de la Asociaci\u00f3n Venezolana de Agencias de Viajes y Turismo (Avavit), Vicky Herrera, alert\u00f3 que \u201cunos 95 vuelos semanales\u201d han sido afectados dada la suspensi\u00f3n de vuelos comerciales a Per\u00fa, Rep\u00fablica Dominicana y Panam\u00e1 que anunci\u00f3 el Gobierno a trav\u00e9s del Ministerio de Transporte el pasado 29 de julio. Herrera asegur\u00f3 que desde [&hellip;]<\/p>\n","protected":false},"author":33,"featured_media":243406,"comment_status":"closed","ping_status":"closed","sticky":false,"template":"","format":"standard","meta":{"footnotes":""},"categories":[6],"tags":[105,136],"class_list":{"0":"post-243405","1":"post","2":"type-post","3":"status-publish","4":"format-standard","5":"has-post-thumbnail","7":"category-economia","8":"tag-venezuela","9":"tag-vuelos"},"_links":{"self":[{"href":"https:\/\/elluchador.info\/index.php?rest_route=\/wp\/v2\/posts\/243405","targetHints":{"allow":["GET"]}}],"collection":[{"href":"https:\/\/elluchador.info\/index.php?rest_route=\/wp\/v2\/posts"}],"about":[{"href":"https:\/\/elluchador.info\/index.php?rest_route=\/wp\/v2\/types\/post"}],"author":[{"embeddable":true,"href":"https:\/\/elluchador.info\/index.php?rest_route=\/wp\/v2\/users\/33"}],"replies":[{"embeddable":true,"href":"https:\/\/elluchador.info\/index.php?rest_route=%2Fwp%2Fv2%2Fcomments&post=243405"}],"version-history":[{"count":1,"href":"https:\/\/elluchador.info\/index.php?rest_route=\/wp\/v2\/posts\/243405\/revisions"}],"predecessor-version":[{"id":243407,"href":"https:\/\/elluchador.info\/index.php?rest_route=\/wp\/v2\/posts\/243405\/revisions\/243407"}],"wp:featuredmedia":[{"embeddable":true,"href":"https:\/\/elluchador.info\/index.php?rest_route=\/wp\/v2\/media\/243406"}],"wp:attachment":[{"href":"https:\/\/elluchador.info\/index.php?rest_route=%2Fwp%2Fv2%2Fmedia&parent=243405"}],"wp:term":[{"taxonomy":"category","embeddable":true,"href":"https:\/\/elluchador.info\/index.php?rest_route=%2Fwp%2Fv2%2Fcategories&post=243405"},{"taxonomy":"post_tag","embeddable":true,"href":"https:\/\/elluchador.info\/index.php?rest_route=%2Fwp%2Fv2%2Ftags&post=243405"}],"curies":[{"name":"wp","href":"https:\/\/api.w.org\/{rel}","templated":true}]}}