{"id":244046,"date":"2024-08-12T18:25:14","date_gmt":"2024-08-12T22:25:14","guid":{"rendered":"https:\/\/elluchador.info\/?p=244046"},"modified":"2024-08-12T18:25:17","modified_gmt":"2024-08-12T22:25:17","slug":"detenido-venezolano-en-chile-acusado-de-violar-a-nina-de-5-anos","status":"publish","type":"post","link":"https:\/\/elluchador.info\/?p=244046","title":{"rendered":"Detenido venezolano en Chile acusado de violar a ni\u00f1a de 5 a\u00f1os"},"content":{"rendered":"\n<p>El Juzgado de Garant\u00eda de Temuco decret\u00f3 la medida cautelar de prisi\u00f3n preventiva para un ciudadano venezolano detenido por Carabineros por la violaci\u00f3n de una ni\u00f1a de 5 a\u00f1os, hecho ocurrido en la capital regional de La Araucan\u00eda, en Chile.<\/p>\n\n\n\n<p>En la audiencia de formalizaci\u00f3n de cargos, el fiscal Juan Pablo Salas formaliz\u00f3 al detenido por el delito de violaci\u00f3n de una menor de edad. El delito ocurri\u00f3 a comienzos de semana.<\/p>\n\n\n\n<p>El persecutor penal entreg\u00f3 detalles sobre la formalizaci\u00f3n del ciudadano extranjero que estaba en situaci\u00f3n irregular en el pa\u00eds.<\/p>\n\n\n\n<p>La jueza de Garant\u00eda, Leticia Rivera, acogi\u00f3 la petici\u00f3n del Ministerio P\u00fablico y decret\u00f3 la cautelar de prisi\u00f3n preventiva para el ciudadano venezolano por considerarlo un peligro para la seguridad de la sociedad y de la v\u00edctima.<\/p>\n\n\n\n<p>Antecedentes obtenidos por La Radios indican que el hecho qued\u00f3 al descubierto cuando la v\u00edctima le relat\u00f3 a su madre lo ocurrido, quien entreg\u00f3 los antecedentes a Carabineros.<\/p>\n\n\n\n<p>El tribunal orden\u00f3 el ingreso del imputado al Centro de Cumplimiento Penitenciario de Temuco y le fij\u00f3 al Ministerio P\u00fablico un plazo de 90 d\u00edas para realizar la investigaci\u00f3n.<\/p>\n\n\n\n<p>Con informaci\u00f3n <strong><em>Bio Bio Chile<\/em><\/strong><\/p>\n","protected":false},"excerpt":{"rendered":"<p>El Juzgado de Garant\u00eda de Temuco decret\u00f3 la medida cautelar de prisi\u00f3n preventiva para un ciudadano venezolano detenido por Carabineros por la violaci\u00f3n de una ni\u00f1a de 5 a\u00f1os, hecho ocurrido en la capital regional de La Araucan\u00eda, en Chile. En la audiencia de formalizaci\u00f3n de cargos, el fiscal Juan Pablo Salas formaliz\u00f3 al detenido [&hellip;]<\/p>\n","protected":false},"author":33,"featured_media":244047,"comment_status":"closed","ping_status":"closed","sticky":false,"template":"","format":"standard","meta":{"footnotes":""},"categories":[8],"tags":[371,1696],"class_list":{"0":"post-244046","1":"post","2":"type-post","3":"status-publish","4":"format-standard","5":"has-post-thumbnail","7":"category-internacionales","8":"tag-chile","9":"tag-venezolano"},"_links":{"self":[{"href":"https:\/\/elluchador.info\/index.php?rest_route=\/wp\/v2\/posts\/244046","targetHints":{"allow":["GET"]}}],"collection":[{"href":"https:\/\/elluchador.info\/index.php?rest_route=\/wp\/v2\/posts"}],"about":[{"href":"https:\/\/elluchador.info\/index.php?rest_route=\/wp\/v2\/types\/post"}],"author":[{"embeddable":true,"href":"https:\/\/elluchador.info\/index.php?rest_route=\/wp\/v2\/users\/33"}],"replies":[{"embeddable":true,"href":"https:\/\/elluchador.info\/index.php?rest_route=%2Fwp%2Fv2%2Fcomments&post=244046"}],"version-history":[{"count":1,"href":"https:\/\/elluchador.info\/index.php?rest_route=\/wp\/v2\/posts\/244046\/revisions"}],"predecessor-version":[{"id":244048,"href":"https:\/\/elluchador.info\/index.php?rest_route=\/wp\/v2\/posts\/244046\/revisions\/244048"}],"wp:featuredmedia":[{"embeddable":true,"href":"https:\/\/elluchador.info\/index.php?rest_route=\/wp\/v2\/media\/244047"}],"wp:attachment":[{"href":"https:\/\/elluchador.info\/index.php?rest_route=%2Fwp%2Fv2%2Fmedia&parent=244046"}],"wp:term":[{"taxonomy":"category","embeddable":true,"href":"https:\/\/elluchador.info\/index.php?rest_route=%2Fwp%2Fv2%2Fcategories&post=244046"},{"taxonomy":"post_tag","embeddable":true,"href":"https:\/\/elluchador.info\/index.php?rest_route=%2Fwp%2Fv2%2Ftags&post=244046"}],"curies":[{"name":"wp","href":"https:\/\/api.w.org\/{rel}","templated":true}]}}