{"id":244174,"date":"2024-08-14T07:36:00","date_gmt":"2024-08-14T11:36:00","guid":{"rendered":"https:\/\/elluchador.info\/?p=244174"},"modified":"2024-08-13T22:39:58","modified_gmt":"2024-08-14T02:39:58","slug":"coordinan-despliegue-de-seguridad-de-la-feria-del-orinoco","status":"publish","type":"post","link":"https:\/\/elluchador.info\/?p=244174","title":{"rendered":"Coordinan despliegue de seguridad de la Feria del Orinoco"},"content":{"rendered":"\n<p>La Alcald\u00eda de Angostura del Orinoco, en Ciudad Bol\u00edvar, a trav\u00e9s de su l\u00edder municipal Sergio Hern\u00e1ndez, celebr\u00f3 un importante encuentro con los organismos de prevenci\u00f3n y seguridad con el objetivo de coordinar el despliegue de la Seguridad de la Feria del Orinoco 2024.<\/p>\n\n\n\n<p>En esta mesa de trabajo estuvieron presentes el Alcalde Sergio Hern\u00e1ndez, la presidenta de la Feria del Orinoco, Marisol Garc\u00eda, directores integrales, as\u00ed como autoridades de seguridad, prevenci\u00f3n, Defensa P\u00fablica, Defensor\u00eda del Pueblo, entre otros.<\/p>\n\n\n\n<p>El Alcalde Sergio Hern\u00e1ndez destac\u00f3 que esta octava edici\u00f3n de la Feria Internacional del Orinoco estar\u00e1 centrada en las tradiciones y costumbres locales, adem\u00e1s de contar con importantes protocolos de seguridad para garantizar la protecci\u00f3n de todos los ciudadanos.<\/p>\n\n\n\n<p>Se inform\u00f3 que a lo largo del Paseo Orinoco se llevar\u00e1n a cabo cuatro ejes de actividades destinadas a alegrar a la comunidad, con la presencia activa de los organismos de seguridad y prevenci\u00f3n.<\/p>\n\n\n\n<p>Hern\u00e1ndez expres\u00f3: \u201cNuestro compromiso es ofrecer una feria que proporcione alegr\u00eda a nuestro pueblo, en un ambiente de paz y fraternidad, siguiendo los lineamientos del presidente Nicol\u00e1s Maduro\u201d.<\/p>\n\n\n\n<p><strong><em>Prensa Alcald\u00eda AO<\/em><\/strong><\/p>\n","protected":false},"excerpt":{"rendered":"<p>La Alcald\u00eda de Angostura del Orinoco, en Ciudad Bol\u00edvar, a trav\u00e9s de su l\u00edder municipal Sergio Hern\u00e1ndez, celebr\u00f3 un importante encuentro con los organismos de prevenci\u00f3n y seguridad con el objetivo de coordinar el despliegue de la Seguridad de la Feria del Orinoco 2024. En esta mesa de trabajo estuvieron presentes el Alcalde Sergio Hern\u00e1ndez, [&hellip;]<\/p>\n","protected":false},"author":33,"featured_media":244175,"comment_status":"closed","ping_status":"closed","sticky":false,"template":"","format":"standard","meta":{"footnotes":""},"categories":[20],"tags":[306,1697],"class_list":{"0":"post-244174","1":"post","2":"type-post","3":"status-publish","4":"format-standard","5":"has-post-thumbnail","7":"category-municipal","8":"tag-ciudad-bolivar","9":"tag-feria-del-orinoco"},"_links":{"self":[{"href":"https:\/\/elluchador.info\/index.php?rest_route=\/wp\/v2\/posts\/244174","targetHints":{"allow":["GET"]}}],"collection":[{"href":"https:\/\/elluchador.info\/index.php?rest_route=\/wp\/v2\/posts"}],"about":[{"href":"https:\/\/elluchador.info\/index.php?rest_route=\/wp\/v2\/types\/post"}],"author":[{"embeddable":true,"href":"https:\/\/elluchador.info\/index.php?rest_route=\/wp\/v2\/users\/33"}],"replies":[{"embeddable":true,"href":"https:\/\/elluchador.info\/index.php?rest_route=%2Fwp%2Fv2%2Fcomments&post=244174"}],"version-history":[{"count":1,"href":"https:\/\/elluchador.info\/index.php?rest_route=\/wp\/v2\/posts\/244174\/revisions"}],"predecessor-version":[{"id":244176,"href":"https:\/\/elluchador.info\/index.php?rest_route=\/wp\/v2\/posts\/244174\/revisions\/244176"}],"wp:featuredmedia":[{"embeddable":true,"href":"https:\/\/elluchador.info\/index.php?rest_route=\/wp\/v2\/media\/244175"}],"wp:attachment":[{"href":"https:\/\/elluchador.info\/index.php?rest_route=%2Fwp%2Fv2%2Fmedia&parent=244174"}],"wp:term":[{"taxonomy":"category","embeddable":true,"href":"https:\/\/elluchador.info\/index.php?rest_route=%2Fwp%2Fv2%2Fcategories&post=244174"},{"taxonomy":"post_tag","embeddable":true,"href":"https:\/\/elluchador.info\/index.php?rest_route=%2Fwp%2Fv2%2Ftags&post=244174"}],"curies":[{"name":"wp","href":"https:\/\/api.w.org\/{rel}","templated":true}]}}