{"id":244197,"date":"2024-08-14T08:26:00","date_gmt":"2024-08-14T12:26:00","guid":{"rendered":"https:\/\/elluchador.info\/?p=244197"},"modified":"2024-08-13T23:11:20","modified_gmt":"2024-08-14T03:11:20","slug":"cabello-invita-a-la-consulta-nacional-de-la-ley-contra-el-fascismo","status":"publish","type":"post","link":"https:\/\/elluchador.info\/?p=244197","title":{"rendered":"Cabello invita a la Consulta Nacional de la Ley contra el Fascismo"},"content":{"rendered":"\n<p>El jefe del Bloque de la Patria en la Asamblea Nacional (AN), Diosdado Cabello, extendi\u00f3 este martes la invitaci\u00f3n a participar en la consulta de la Ley contra el Fascismo, Neofascismo y Expresiones Similares.<\/p>\n\n\n\n<p>\u00abA partir del d\u00eda de ma\u00f1ana (mi\u00e9rcoles) comienza la consulta Ley contra el Fascismo, Neofascismo y Expresiones Similares (\u2026) invito a todos los diputados y diputadas que est\u00e1n ac\u00e1, invito al Pueblo de Venezuela, a los se\u00f1ores de la oposici\u00f3n que est\u00e1n ac\u00e1 presente, para que participemos activamente en la discusi\u00f3n de esta ley, para su posterior aprobaci\u00f3n en esta Asamblea Nacional\u00bb, afirm\u00f3 Cabello durante la Sesi\u00f3n Ordinaria de la AN, en donde indic\u00f3 que pronto publicar\u00e1n el cronograma de la consulta.<\/p>\n\n\n\n<p>De igual forma, destac\u00f3 que la Ley contra el Fascismo, Neofascismo y Expresiones Similares fue presentada por la vicepresidenta ejecutiva de la Rep\u00fablica, Delcy Rodr\u00edguez, el pasado 2 de abril de 2024, pero debido a la din\u00e1mica electoral del pa\u00eds no se hab\u00eda realizado la consulta.<\/p>\n\n\n\n<p>\u00abTal cual como lo dijimos el mes anterior, si usted no es fascista, no se preocupe, si usted no es neofascista tampoco debe preocuparse, si usted no tiene expresiones similares de odio tampoco debe preocuparse, deben preocuparse los fascistas, neofascistas y los odiadores de siempre\u00bb, apunt\u00f3.<\/p>\n\n\n\n<p>Con informaci\u00f3n <strong><em>El Universal<\/em><\/strong><\/p>\n","protected":false},"excerpt":{"rendered":"<p>El jefe del Bloque de la Patria en la Asamblea Nacional (AN), Diosdado Cabello, extendi\u00f3 este martes la invitaci\u00f3n a participar en la consulta de la Ley contra el Fascismo, Neofascismo y Expresiones Similares. \u00abA partir del d\u00eda de ma\u00f1ana (mi\u00e9rcoles) comienza la consulta Ley contra el Fascismo, Neofascismo y Expresiones Similares (\u2026) invito a [&hellip;]<\/p>\n","protected":false},"author":2,"featured_media":244198,"comment_status":"closed","ping_status":"closed","sticky":false,"template":"","format":"standard","meta":{"footnotes":""},"categories":[11],"tags":[1700,105],"class_list":{"0":"post-244197","1":"post","2":"type-post","3":"status-publish","4":"format-standard","5":"has-post-thumbnail","7":"category-politica","8":"tag-fascismo","9":"tag-venezuela"},"_links":{"self":[{"href":"https:\/\/elluchador.info\/index.php?rest_route=\/wp\/v2\/posts\/244197","targetHints":{"allow":["GET"]}}],"collection":[{"href":"https:\/\/elluchador.info\/index.php?rest_route=\/wp\/v2\/posts"}],"about":[{"href":"https:\/\/elluchador.info\/index.php?rest_route=\/wp\/v2\/types\/post"}],"author":[{"embeddable":true,"href":"https:\/\/elluchador.info\/index.php?rest_route=\/wp\/v2\/users\/2"}],"replies":[{"embeddable":true,"href":"https:\/\/elluchador.info\/index.php?rest_route=%2Fwp%2Fv2%2Fcomments&post=244197"}],"version-history":[{"count":1,"href":"https:\/\/elluchador.info\/index.php?rest_route=\/wp\/v2\/posts\/244197\/revisions"}],"predecessor-version":[{"id":244199,"href":"https:\/\/elluchador.info\/index.php?rest_route=\/wp\/v2\/posts\/244197\/revisions\/244199"}],"wp:featuredmedia":[{"embeddable":true,"href":"https:\/\/elluchador.info\/index.php?rest_route=\/wp\/v2\/media\/244198"}],"wp:attachment":[{"href":"https:\/\/elluchador.info\/index.php?rest_route=%2Fwp%2Fv2%2Fmedia&parent=244197"}],"wp:term":[{"taxonomy":"category","embeddable":true,"href":"https:\/\/elluchador.info\/index.php?rest_route=%2Fwp%2Fv2%2Fcategories&post=244197"},{"taxonomy":"post_tag","embeddable":true,"href":"https:\/\/elluchador.info\/index.php?rest_route=%2Fwp%2Fv2%2Ftags&post=244197"}],"curies":[{"name":"wp","href":"https:\/\/api.w.org\/{rel}","templated":true}]}}