{"id":244223,"date":"2024-08-14T10:59:14","date_gmt":"2024-08-14T14:59:14","guid":{"rendered":"https:\/\/elluchador.info\/?p=244223"},"modified":"2024-08-14T10:59:19","modified_gmt":"2024-08-14T14:59:19","slug":"avon-se-declara-en-quiebra-en-estados-unidos","status":"publish","type":"post","link":"https:\/\/elluchador.info\/?p=244223","title":{"rendered":"Avon se declara en quiebra en Estados Unidos"},"content":{"rendered":"\n<p>La empresa cosm\u00e9tica Avon se declar\u00f3 en quiebra en Estados Unidos para abordar su deuda y las responsabilidades legales derivadas de demandas que alegaban que sus productos a base de talco estaban contaminados con sustancias que causan c\u00e1ncer, seg\u00fan indic\u00f3 en un comunicado.<\/p>\n\n\n\n<p>La firma comenz\u00f3 el procedimiento para solicitar ante el Tribunal de Quiebras del Distrito de Delaware (EE.UU.) el amparo del Cap\u00edtulo 11, que permite a las empresas seguir operando mientras elaboran un plan para pagar sus deudas.<\/p>\n\n\n\n<p>\u00abLas empresas operativas de Avon fuera de EE.UU., que contin\u00faan avanzando en iniciativas estrat\u00e9gicas, no forman parte de los procedimientos del Cap\u00edtulo 11, y las operaciones siguen como siempre en los mercados internacionales de Avon\u00bb, anot\u00f3 el martes la empresa en su comunicado.<\/p>\n\n\n\n<p>La compa\u00f1\u00eda Natura &amp; Co, con sede en Brasil, adquiri\u00f3 Avon en 2020 y firm\u00f3 un acuerdo para comprar las participaciones de capital en las operaciones de la firma cosm\u00e9tica fuera de Estados Unidos por 125 millones de d\u00f3lares.<\/p>\n\n\n\n<p>El grupo brasile\u00f1o anunci\u00f3 un compromiso para financiarla con 43 millones de d\u00f3lares como deudor en posesi\u00f3n, lo que proporcionar\u00e1, seg\u00fan el comunicado, \u00absuficiente liquidez para financiar las obligaciones de Avon Products durante el proceso\u00bb.<\/p>\n\n\n\n<p>\u00abSeguimos centrados en impulsar nuestra estrategia comercial a nivel internacional, lo que incluye modernizar nuestro modelo de venta directa y reactivar la marca para acelerar el crecimiento\u00bb, dijo Kristof Neirynck, director ejecutivo de Avon, quien a\u00f1adi\u00f3 que cada vez est\u00e1 \u00abm\u00e1s motivado\u00bb por la fortaleza y oportunidades de la empresa cosm\u00e9tica.<\/p>\n\n\n\n<p>Con informaci\u00f3n <strong><em>AFP<\/em><\/strong><\/p>\n","protected":false},"excerpt":{"rendered":"<p>La empresa cosm\u00e9tica Avon se declar\u00f3 en quiebra en Estados Unidos para abordar su deuda y las responsabilidades legales derivadas de demandas que alegaban que sus productos a base de talco estaban contaminados con sustancias que causan c\u00e1ncer, seg\u00fan indic\u00f3 en un comunicado. La firma comenz\u00f3 el procedimiento para solicitar ante el Tribunal de Quiebras [&hellip;]<\/p>\n","protected":false},"author":33,"featured_media":244222,"comment_status":"closed","ping_status":"closed","sticky":false,"template":"","format":"standard","meta":{"footnotes":""},"categories":[6],"tags":[1705,796],"class_list":{"0":"post-244223","1":"post","2":"type-post","3":"status-publish","4":"format-standard","5":"has-post-thumbnail","7":"category-economia","8":"tag-avon","9":"tag-estados-unidos"},"_links":{"self":[{"href":"https:\/\/elluchador.info\/index.php?rest_route=\/wp\/v2\/posts\/244223","targetHints":{"allow":["GET"]}}],"collection":[{"href":"https:\/\/elluchador.info\/index.php?rest_route=\/wp\/v2\/posts"}],"about":[{"href":"https:\/\/elluchador.info\/index.php?rest_route=\/wp\/v2\/types\/post"}],"author":[{"embeddable":true,"href":"https:\/\/elluchador.info\/index.php?rest_route=\/wp\/v2\/users\/33"}],"replies":[{"embeddable":true,"href":"https:\/\/elluchador.info\/index.php?rest_route=%2Fwp%2Fv2%2Fcomments&post=244223"}],"version-history":[{"count":1,"href":"https:\/\/elluchador.info\/index.php?rest_route=\/wp\/v2\/posts\/244223\/revisions"}],"predecessor-version":[{"id":244224,"href":"https:\/\/elluchador.info\/index.php?rest_route=\/wp\/v2\/posts\/244223\/revisions\/244224"}],"wp:featuredmedia":[{"embeddable":true,"href":"https:\/\/elluchador.info\/index.php?rest_route=\/wp\/v2\/media\/244222"}],"wp:attachment":[{"href":"https:\/\/elluchador.info\/index.php?rest_route=%2Fwp%2Fv2%2Fmedia&parent=244223"}],"wp:term":[{"taxonomy":"category","embeddable":true,"href":"https:\/\/elluchador.info\/index.php?rest_route=%2Fwp%2Fv2%2Fcategories&post=244223"},{"taxonomy":"post_tag","embeddable":true,"href":"https:\/\/elluchador.info\/index.php?rest_route=%2Fwp%2Fv2%2Ftags&post=244223"}],"curies":[{"name":"wp","href":"https:\/\/api.w.org\/{rel}","templated":true}]}}