{"id":244242,"date":"2024-08-14T13:36:52","date_gmt":"2024-08-14T17:36:52","guid":{"rendered":"https:\/\/elluchador.info\/?p=244242"},"modified":"2024-08-14T13:36:56","modified_gmt":"2024-08-14T17:36:56","slug":"venezuela-rechaza-declaraciones-de-volker-turk-contra-iniciativas-legislativas","status":"publish","type":"post","link":"https:\/\/elluchador.info\/?p=244242","title":{"rendered":"Venezuela rechaza declaraciones de Volker Turk contra iniciativas legislativas"},"content":{"rendered":"\n<p>El Gobierno de la Rep\u00fablica Bolivariana de Venezuela expresa mediante comunicado su en\u00e9rgico rechazo a las declaraciones del Alto Comisionado para los Derechos Humanos, Volker Turk, en las cuales opina sobre iniciativas legislativas de la Asamblea Nacional (AN), relativas a la regulaci\u00f3n de las Organizaciones No Gubernamentales y al combate de los discursos de odio. El comunicado fue difundido por el ministro del Poder Popular para las Relaciones Exteriores, Yv\u00e1n Gil, a trav\u00e9s de sus redes sociales.<\/p>\n\n\n\n<p>El Gobierno expresa que el se\u00f1or Turk \u201cse quita la m\u00e1scara y asume el papel para el cual fue colocado en dicho puesto burocr\u00e1tico del Sistema de Naciones Unidas por parte de los poderes imperiales\u201d, donde asume como acusador contra el Gobierno Bolivariano y \u201cblanqueador de las hordas violentas que atentaron contra la paz y tranquilidad de los venezolanos\u201d.<\/p>\n\n\n\n<p>El Alto Comisionado, deliberadamente, omite la condena de la violencia extremista \u201cde los cuales tiene suficiente y detallada informaci\u00f3n\u201d, pero opta \u201cpor rendirse ante quienes impulsan un golpe de Estado, lo cual es una grave violaci\u00f3n a las responsabilidades que se deben en el cargo que ostenta\u201d.<\/p>\n\n\n\n<figure class=\"wp-block-gallery has-nested-images columns-default is-cropped wp-block-gallery-1 is-layout-flex wp-block-gallery-is-layout-flex\">\n<figure class=\"wp-block-image size-large\"><img loading=\"lazy\" decoding=\"async\" width=\"768\" height=\"1024\" data-id=\"244243\" src=\"https:\/\/elluchador.info\/wp-content\/uploads\/2024\/08\/5035377520362499548-768x1024-1.jpeg\" alt=\"\" class=\"wp-image-244243\" srcset=\"https:\/\/elluchador.info\/wp-content\/uploads\/2024\/08\/5035377520362499548-768x1024-1.jpeg 768w, https:\/\/elluchador.info\/wp-content\/uploads\/2024\/08\/5035377520362499548-768x1024-1-225x300.jpeg 225w, https:\/\/elluchador.info\/wp-content\/uploads\/2024\/08\/5035377520362499548-768x1024-1-150x200.jpeg 150w, https:\/\/elluchador.info\/wp-content\/uploads\/2024\/08\/5035377520362499548-768x1024-1-300x400.jpeg 300w, https:\/\/elluchador.info\/wp-content\/uploads\/2024\/08\/5035377520362499548-768x1024-1-696x928.jpeg 696w\" sizes=\"auto, (max-width: 768px) 100vw, 768px\" \/><\/figure>\n\n\n\n<figure class=\"wp-block-image size-large\"><img loading=\"lazy\" decoding=\"async\" width=\"768\" height=\"1024\" data-id=\"244244\" src=\"https:\/\/elluchador.info\/wp-content\/uploads\/2024\/08\/5035377520362499547-768x1024-1.jpeg\" alt=\"\" class=\"wp-image-244244\" srcset=\"https:\/\/elluchador.info\/wp-content\/uploads\/2024\/08\/5035377520362499547-768x1024-1.jpeg 768w, https:\/\/elluchador.info\/wp-content\/uploads\/2024\/08\/5035377520362499547-768x1024-1-225x300.jpeg 225w, https:\/\/elluchador.info\/wp-content\/uploads\/2024\/08\/5035377520362499547-768x1024-1-150x200.jpeg 150w, https:\/\/elluchador.info\/wp-content\/uploads\/2024\/08\/5035377520362499547-768x1024-1-300x400.jpeg 300w, https:\/\/elluchador.info\/wp-content\/uploads\/2024\/08\/5035377520362499547-768x1024-1-696x928.jpeg 696w\" sizes=\"auto, (max-width: 768px) 100vw, 768px\" \/><\/figure>\n<\/figure>\n\n\n\n<p>El Gobierno nacional tiene la certeza que no es la ignorancia del se\u00f1or Turk la que lo empuja a desconocer que la gran mayor\u00eda de los pa\u00edses del mundo y advierte, que las ONG, \u201cen muchos casos representan intereses oscuros que buscan torcer el bienestar de los pueblos por encima del deber de los Estados\u201d.<\/p>\n\n\n\n<p>\u201cEs por ello que Venezuela reitera su llamado al Alto Comisionado a \u201cque desista de su actitud provocadora y alejada a sus responsabilidades, cese en su ataque brutal contra las instituciones venezolanas y se coloque del lado de las v\u00edctimas de la violencia de la ultraderecha\u201d, que usando m\u00e9todos fascistas, ha tratado de infligir da\u00f1o a la poblaci\u00f3n venezolana\u201d, concluye el comunicado.<\/p>\n\n\n\n<p>Con informaci\u00f3n <strong><em>AVN<\/em><\/strong><\/p>\n","protected":false},"excerpt":{"rendered":"<p>El Gobierno de la Rep\u00fablica Bolivariana de Venezuela expresa mediante comunicado su en\u00e9rgico rechazo a las declaraciones del Alto Comisionado para los Derechos Humanos, Volker Turk, en las cuales opina sobre iniciativas legislativas de la Asamblea Nacional (AN), relativas a la regulaci\u00f3n de las Organizaciones No Gubernamentales y al combate de los discursos de odio. [&hellip;]<\/p>\n","protected":false},"author":33,"featured_media":184031,"comment_status":"closed","ping_status":"closed","sticky":false,"template":"","format":"standard","meta":{"footnotes":""},"categories":[11],"tags":[122,105],"class_list":{"0":"post-244242","1":"post","2":"type-post","3":"status-publish","4":"format-standard","5":"has-post-thumbnail","7":"category-politica","8":"tag-an","9":"tag-venezuela"},"_links":{"self":[{"href":"https:\/\/elluchador.info\/index.php?rest_route=\/wp\/v2\/posts\/244242","targetHints":{"allow":["GET"]}}],"collection":[{"href":"https:\/\/elluchador.info\/index.php?rest_route=\/wp\/v2\/posts"}],"about":[{"href":"https:\/\/elluchador.info\/index.php?rest_route=\/wp\/v2\/types\/post"}],"author":[{"embeddable":true,"href":"https:\/\/elluchador.info\/index.php?rest_route=\/wp\/v2\/users\/33"}],"replies":[{"embeddable":true,"href":"https:\/\/elluchador.info\/index.php?rest_route=%2Fwp%2Fv2%2Fcomments&post=244242"}],"version-history":[{"count":1,"href":"https:\/\/elluchador.info\/index.php?rest_route=\/wp\/v2\/posts\/244242\/revisions"}],"predecessor-version":[{"id":244245,"href":"https:\/\/elluchador.info\/index.php?rest_route=\/wp\/v2\/posts\/244242\/revisions\/244245"}],"wp:featuredmedia":[{"embeddable":true,"href":"https:\/\/elluchador.info\/index.php?rest_route=\/wp\/v2\/media\/184031"}],"wp:attachment":[{"href":"https:\/\/elluchador.info\/index.php?rest_route=%2Fwp%2Fv2%2Fmedia&parent=244242"}],"wp:term":[{"taxonomy":"category","embeddable":true,"href":"https:\/\/elluchador.info\/index.php?rest_route=%2Fwp%2Fv2%2Fcategories&post=244242"},{"taxonomy":"post_tag","embeddable":true,"href":"https:\/\/elluchador.info\/index.php?rest_route=%2Fwp%2Fv2%2Ftags&post=244242"}],"curies":[{"name":"wp","href":"https:\/\/api.w.org\/{rel}","templated":true}]}}